{"id":32963,"date":"2021-02-16T07:01:00","date_gmt":"2021-02-16T10:01:00","guid":{"rendered":"https:\/\/www.portalalerta.com.br\/?p=32963"},"modified":"2021-02-15T21:49:04","modified_gmt":"2021-02-16T00:49:04","slug":"pontos-de-aglomeracoes-foram-registrados-em-tucano-ba-no-ultimo-final-de-semana","status":"publish","type":"post","link":"https:\/\/www.portalalerta.com.br\/index.php\/2021\/02\/16\/pontos-de-aglomeracoes-foram-registrados-em-tucano-ba-no-ultimo-final-de-semana\/","title":{"rendered":"Pontos de Aglomera\u00e7\u00f5es foram registrados em Tucano-BA no \u00faltimo final de semana"},"content":{"rendered":"\n<p>I<strong>magens do Distrito de Caldas do Jorro, em Tucano-BA na noite do \u00faltimo s\u00e1bado (13) chamaram a aten\u00e7\u00e3o. Ruas cheias e um bar lotado de pessoas na est\u00e2ncia hidromineral e destino tur\u00edstico da regi\u00e3o. Pelo que \u00e9 mostrado n\u00e3o se v\u00ea nenhuma pessoa com m\u00e1scara de prote\u00e7\u00e3o ao novo coronav\u00edrus.<\/strong><\/p>\n\n\n\n<!--more-->\n\n\n\n<figure class=\"wp-block-image size-large\"><img decoding=\"async\" src=\"https:\/\/www.portalalerta.com.br\/wp-content\/uploads\/2021\/01\/Moda-Ver\u00e3o-Real-Cal\u00e7ados-2021.jpeg\" alt=\"\" class=\"wp-image-31690\"\/><\/figure>\n\n\n\n<p>Se<strong>gundo relatos, a pr\u00e1tica de aglomera\u00e7\u00e3o tamb\u00e9m ocorre nas \u00e1reas de banho termal e nos bares da localidade. No mesmo dia, a Secretaria da Sa\u00fade do Estado (Sesab) apontava que Tucano j\u00e1 acumulava 1.270 casos confirmados de Covid-19, com 13 mortes provocadas pela doen\u00e7a.<\/strong><\/p>\n\n\n\n<p><em>Fonte: R\u00e1dio Povo<\/em><\/p>\n\n\n\n<p><em>Com informa\u00e7\u00f5es: Bahia Not\u00edcias<\/em><\/p>\n","protected":false},"excerpt":{"rendered":"<p>Imagens do Distrito de Caldas do Jorro, em Tucano-BA na noite do \u00faltimo s\u00e1bado (13) chamaram a aten\u00e7\u00e3o. Ruas cheias e um bar lotado de pessoas na est\u00e2ncia hidromineral e destino tur\u00edstico da regi\u00e3o. Pelo que \u00e9 mostrado n\u00e3o se v\u00ea nenhuma pessoa com m\u00e1scara de prote\u00e7\u00e3o ao novo coronav\u00edrus.<\/p>\n","protected":false},"author":2,"featured_media":32968,"comment_status":"open","ping_status":"open","sticky":false,"template":"","format":"standard","meta":{"om_disable_all_campaigns":false,"_monsterinsights_skip_tracking":false,"_monsterinsights_sitenote_active":false,"_monsterinsights_sitenote_note":"","_monsterinsights_sitenote_category":0,"footnotes":""},"categories":[70,69,32,19,12],"tags":[3831,389,3429,3486,61,190],"class_list":["post-32963","post","type-post","status-publish","format-standard","has-post-thumbnail","hentry","category-destaques","category-noticias2","category-regiao","category-saude","category-tucano","tag-aglomeracao","tag-caldas-do-jorro","tag-coronavirus","tag-covid-19","tag-saude","tag-tucano"],"aioseo_notices":[],"_links":{"self":[{"href":"https:\/\/www.portalalerta.com.br\/index.php\/wp-json\/wp\/v2\/posts\/32963","targetHints":{"allow":["GET"]}}],"collection":[{"href":"https:\/\/www.portalalerta.com.br\/index.php\/wp-json\/wp\/v2\/posts"}],"about":[{"href":"https:\/\/www.portalalerta.com.br\/index.php\/wp-json\/wp\/v2\/types\/post"}],"author":[{"embeddable":true,"href":"https:\/\/www.portalalerta.com.br\/index.php\/wp-json\/wp\/v2\/users\/2"}],"replies":[{"embeddable":true,"href":"https:\/\/www.portalalerta.com.br\/index.php\/wp-json\/wp\/v2\/comments?post=32963"}],"version-history":[{"count":1,"href":"https:\/\/www.portalalerta.com.br\/index.php\/wp-json\/wp\/v2\/posts\/32963\/revisions"}],"predecessor-version":[{"id":32969,"href":"https:\/\/www.portalalerta.com.br\/index.php\/wp-json\/wp\/v2\/posts\/32963\/revisions\/32969"}],"wp:featuredmedia":[{"embeddable":true,"href":"https:\/\/www.portalalerta.com.br\/index.php\/wp-json\/wp\/v2\/media\/32968"}],"wp:attachment":[{"href":"https:\/\/www.portalalerta.com.br\/index.php\/wp-json\/wp\/v2\/media?parent=32963"}],"wp:term":[{"taxonomy":"category","embeddable":true,"href":"https:\/\/www.portalalerta.com.br\/index.php\/wp-json\/wp\/v2\/categories?post=32963"},{"taxonomy":"post_tag","embeddable":true,"href":"https:\/\/www.portalalerta.com.br\/index.php\/wp-json\/wp\/v2\/tags?post=32963"}],"curies":[{"name":"wp","href":"https:\/\/api.w.org\/{rel}","templated":true}]}}