{"id":32964,"date":"2021-02-16T07:02:00","date_gmt":"2021-02-16T10:02:00","guid":{"rendered":"https:\/\/www.portalalerta.com.br\/?p=32964"},"modified":"2021-02-15T22:00:31","modified_gmt":"2021-02-16T01:00:31","slug":"tribunal-de-justica-suspende-efeito-de-liminar-que-permitia-retorno-das-aulas-na-bahia","status":"publish","type":"post","link":"https:\/\/www.portalalerta.com.br\/index.php\/2021\/02\/16\/tribunal-de-justica-suspende-efeito-de-liminar-que-permitia-retorno-das-aulas-na-bahia\/","title":{"rendered":"Tribunal de Justi\u00e7a suspende efeito de liminar que permitia retorno das aulas na Bahia"},"content":{"rendered":"\n<p>Uma das liminares que permitia o retorno das aulas na Bahia, teve os efeitos suspensos, nesta segunda-feira (15). O pedido de suspens\u00e3o foi feito pelo governo da Bahia e acatado pelo presidente do Tribunal de Justi\u00e7a do Estado da Bahia (TJ-BA), o desembargador Lourival Trindade.<\/p>\n\n\n\n<!--more-->\n\n\n\n<p>&#8220;Na hip\u00f3tese dos autos, depreende-se que, neste momento, ante \u00e0 impossibilidade de viabilizar-se a retomada das atividades presenciais das institui\u00e7\u00f5es de ensino, das redes p\u00fablica e particular, de todo o territ\u00f3rio do Estado da Bahia, sem que sejam, diretamente, afetados os direitos \u00e0 sa\u00fade e, corolariamente, \u00e0 vida, \u00e9 incontend\u00edvel que estes \u00faltimos devam prevalecer, em detrimento do direito \u00e0 educa\u00e7\u00e3o&#8221;, pontuou o magistrado.<\/p>\n\n\n\n<div data-mvc-banner=\"leaderboard\"><\/div><script type=\"text\/javascript\"> (function(storeName) { var b = document.createElement('script'); b.type = 'text\/javascript'; b.async = true; b.src = 'https:\/\/www.magazinevoce.com.br\/js\/banner.js?store='+ storeName; var s = document.getElementsByTagName('script')[0]; s.parentNode.insertBefore(b, s); })('Nvscosta'); <\/script>\n\n\n\n<p>O desembargador ainda pontuou que a decis\u00e3o da suspens\u00e3o das aulas &#8220;tratar-se de decis\u00e3o, de natureza administrativa, decorrentemente da fun\u00e7\u00e3o t\u00edpica do Poder Executivo, n\u00e3o havendo, portanto, espa\u00e7o para uma atua\u00e7\u00e3o at\u00edpica do Poder Judici\u00e1rio&#8221;. &#8220;Em raz\u00e3o da inexist\u00eancia de omiss\u00e3o, que autorize e legitime esta atua\u00e7\u00e3o. A breve trecho, \u00e9 de trivial saben\u00e7a que a an\u00e1lise, tocante \u00e0 necessidade de observ\u00e2ncia \u00e0s esferas de atua\u00e7\u00e3o de cada um dos Poderes&#8221;, acrescenta.<\/p>\n\n\n\n<p>A decis\u00e3o suspende apenas umas das liminares empetradas para autorizar a retomada das aulas. No \u00faltimo domingo (14), outra decis\u00e3o liminar, desta vez expedida pela ju\u00edza Juliana de Castro, da 6\u00aa Vara da fazenda P\u00fablica de Salvador, autorizou a retomada imediata das atividades presenciais nas escolas particulares da capital baiana.<\/p>\n\n\n\n<p>O Governo do Estado j\u00e1 tinha prorrogado mais uma vez o decreto que suspende os shows e as aulas nas redes p\u00fablica e privada em toda a Bahia. A medida tem valor at\u00e9 o dia 21 de fevereiro.<\/p>\n\n\n\n<p><em>Fonte: Itapicuru Not\u00edcias<\/em><\/p>\n","protected":false},"excerpt":{"rendered":"<p>Uma das liminares que permitia o retorno das aulas na Bahia, teve os efeitos suspensos, nesta segunda-feira (15). O pedido de suspens\u00e3o foi feito pelo governo da Bahia e acatado pelo presidente do Tribunal de Justi\u00e7a do Estado da Bahia (TJ-BA), o desembargador Lourival Trindade.<\/p>\n","protected":false},"author":2,"featured_media":3358,"comment_status":"open","ping_status":"open","sticky":false,"template":"","format":"standard","meta":{"om_disable_all_campaigns":false,"_monsterinsights_skip_tracking":false,"_monsterinsights_sitenote_active":false,"_monsterinsights_sitenote_note":"","_monsterinsights_sitenote_category":0,"footnotes":""},"categories":[33,70,20,69,19],"tags":[54,140,622,376,1424],"class_list":["post-32964","post","type-post","status-publish","format-standard","has-post-thumbnail","hentry","category-bahia","category-destaques","category-educacao","category-noticias2","category-saude","tag-bahia","tag-educacao","tag-tj-ba","tag-tribunal-de-justica","tag-volta-as-aulas"],"aioseo_notices":[],"_links":{"self":[{"href":"https:\/\/www.portalalerta.com.br\/index.php\/wp-json\/wp\/v2\/posts\/32964","targetHints":{"allow":["GET"]}}],"collection":[{"href":"https:\/\/www.portalalerta.com.br\/index.php\/wp-json\/wp\/v2\/posts"}],"about":[{"href":"https:\/\/www.portalalerta.com.br\/index.php\/wp-json\/wp\/v2\/types\/post"}],"author":[{"embeddable":true,"href":"https:\/\/www.portalalerta.com.br\/index.php\/wp-json\/wp\/v2\/users\/2"}],"replies":[{"embeddable":true,"href":"https:\/\/www.portalalerta.com.br\/index.php\/wp-json\/wp\/v2\/comments?post=32964"}],"version-history":[{"count":1,"href":"https:\/\/www.portalalerta.com.br\/index.php\/wp-json\/wp\/v2\/posts\/32964\/revisions"}],"predecessor-version":[{"id":32970,"href":"https:\/\/www.portalalerta.com.br\/index.php\/wp-json\/wp\/v2\/posts\/32964\/revisions\/32970"}],"wp:featuredmedia":[{"embeddable":true,"href":"https:\/\/www.portalalerta.com.br\/index.php\/wp-json\/wp\/v2\/media\/3358"}],"wp:attachment":[{"href":"https:\/\/www.portalalerta.com.br\/index.php\/wp-json\/wp\/v2\/media?parent=32964"}],"wp:term":[{"taxonomy":"category","embeddable":true,"href":"https:\/\/www.portalalerta.com.br\/index.php\/wp-json\/wp\/v2\/categories?post=32964"},{"taxonomy":"post_tag","embeddable":true,"href":"https:\/\/www.portalalerta.com.br\/index.php\/wp-json\/wp\/v2\/tags?post=32964"}],"curies":[{"name":"wp","href":"https:\/\/api.w.org\/{rel}","templated":true}]}}