{"id":33063,"date":"2021-02-19T10:42:15","date_gmt":"2021-02-19T13:42:15","guid":{"rendered":"https:\/\/www.portalalerta.com.br\/?p=33063"},"modified":"2021-02-19T10:42:18","modified_gmt":"2021-02-19T13:42:18","slug":"mae-de-bolsonaro-e-vacinada-com-coronavac-1a-dose-do-imunizante-chines-foi-dada-no-dia-12-de-fevereiro","status":"publish","type":"post","link":"https:\/\/www.portalalerta.com.br\/index.php\/2021\/02\/19\/mae-de-bolsonaro-e-vacinada-com-coronavac-1a-dose-do-imunizante-chines-foi-dada-no-dia-12-de-fevereiro\/","title":{"rendered":"M\u00e3e de Bolsonaro \u00e9 vacinada com CoronaVac; 1\u00aa dose do imunizante chin\u00eas foi dada no dia 12 de fevereiro"},"content":{"rendered":"\n<p>A idosa de 93 anos, Olinda Bonturi Bolsonaro, m\u00e3e do presidente\u00a0Jair Bolsonaro\u00a0(sem partido), foi vacinada contra a\u00a0Covid-19\u00a0com a CoronaVac, vacina desenvolvida pelo Instituto Butantan em parceira com a farmac\u00eautica chinesa SinoVac, em Eldorado, no interior de S\u00e3o Paulo.<\/p>\n\n\n\n<!--more-->\n\n\n\n<p>A primeira dose da vacina\u00e7\u00e3o foi dada no dia 12 de fevereiro, mas a confirma\u00e7\u00e3o de que se tratava do imunizante chin\u00eas e n\u00e3o d\u00e1 vacina AstraZeneca e da Universidade de Oxford, conforme prometeu o presidente Bolsonaro, veio nesta quinta-feira (18).<\/p>\n\n\n\n<p>Ap\u00f3s cruzamento de dados do SUS (Sistema \u00danico de Sa\u00fade) e informa\u00e7\u00f5es de Secretaria Estadual de Sa\u00fade de S\u00e3o Paulo, feito pelo jornal R7, pode-se constatar que na cidade onde dona Olinda tomou a vacina apenas 26 aplica\u00e7\u00f5es foram feitas no dia 12 de fevereiro. Todas da CoronaVac.<\/p>\n\n\n\n<p>Segundo o jornal, a \u00faltima dose da AstraZeneca\/Oxford recebida por um morador do munic\u00edpio ocorreu no dia 9 deste m\u00eas \u2014 tr\u00eas dias antes de Olinda ser imunizada dentro de casa. Os dados correpondem as vacina\u00e7\u00f5es de at\u00e9 esta quarta-feira (17).<\/p>\n\n\n\n<p>Dos 1.315 habitantes que obtiveram a primeira dose, ainda segundo o R7, apenas 50 foram da AstraZeneca. At\u00e9 quarta-feira (17) foram 120 idosos com mais de 80 anos vacinados, sendo que 115 receberam a CoronaVac.<\/p>\n\n\n\n<div data-mvc-banner=\"leaderboard\"><\/div><script type=\"text\/javascript\"> (function(storeName) { var b = document.createElement('script'); b.type = 'text\/javascript'; b.async = true; b.src = 'https:\/\/www.magazinevoce.com.br\/js\/banner.js?store='+ storeName; var s = document.getElementsByTagName('script')[0]; s.parentNode.insertBefore(b, s); })('Nvscosta'); <\/script>\n\n\n\n<p>Em declara\u00e7\u00f5es no ano passado, o filho de dona Olina questionou a qualidade do imunizante, afirmando que seu maior problema era a origem chinesa e o reduziu a uma bandeira eleitoral de seu principal advers\u00e1rio pol\u00edtico, o governador de S\u00e3o Paulo,\u00a0Jo\u00e3o Doria\u00a0(PSDB).<\/p>\n\n\n\n<p>No dia 8 de fevereiro, por\u00e9m,\u00a0Bolsonaro disse que ele e os irm\u00e3os estavam fazendo uma esp\u00e9cie de plebiscito para saber se m\u00e3e seria vacinada contra o coronav\u00edrus. O presidente, que frequentemente diz que n\u00e3o se imunizar\u00e1 por j\u00e1 ter sido contaminado, afirmou em entrevista \u00e0 TV Band que votou sim pela vacina.<\/p>\n\n\n\n<p><strong>Guerra das vacinas<\/strong><\/p>\n\n\n\n<p>Aliados na campanha eleitoral de 2018, Bolsonaro e Doria j\u00e1 se consideram\u00a0advers\u00e1rios pol\u00edticos desde o in\u00edcio da pandemia. O presidente tem adotado uma postura negacionista em rela\u00e7\u00e3o \u00e0 Covid-19, enquanto o tucano alega basear suas decis\u00f5es sempre nos posicionamentos de sua equipe m\u00e9dica.<\/p>\n\n\n\n<p>Bolsonaro, que \u00e9 contra a obrigatoriedade da vacina\u00e7\u00e3o, causou uma crise no pa\u00eds ao desautorizar Eduardo Pazuello, ministro da Sa\u00fade, por anunciar um acordo com a gest\u00e3o Doria para a aquisi\u00e7\u00e3o do imunizante chin\u00eas.<\/p>\n\n\n\n<p>Diante da postura de Bolsonaro, o governo federal afirmou que n\u00e3o iria ajudar financeiramente a vinda da CoronaVac ao pa\u00eds. Em uma de suas transmiss\u00f5es semanais, Bolsonaro ironizou o governador paulista ao pedir para que ele\u00a0achasse outro para \u201cpagar sua vacina&#8221;. Doria, por sua vez, chegou a dizer que parecia que\u00a0Bolsonaro torcia contra a vacina.<\/p>\n\n\n\n<p>Em outubro do ano passado, o presidente Bolsonaro disse que a CoronoVac\u00a0n\u00e3o seria adquirida pelo governo federal, independente de autoriza\u00e7\u00e3o da Anvisa (Ag\u00eancia Nacional de Vigil\u00e2ncia Sanit\u00e1ria). Entre os motivos, o presidente colocava em cheque a efic\u00e1cia do imunizante.<\/p>\n\n\n\n<p>\u201cA da China n\u00f3s n\u00e3o compraremos, \u00e9 decis\u00e3o minha. Eu n\u00e3o acredito que ela transmita seguran\u00e7a suficiente para a popula\u00e7\u00e3o. Esse \u00e9 o pensamento nosso. Tenho certeza que outras vacinas que est\u00e3o em estudo poder\u00e3o ser comprovadas cientificamente, n\u00e3o sei quando, pode durar anos\u201d, afirmou.<\/p>\n\n\n\n<p>Em dezembro, por\u00e9m, o Minist\u00e9rio da Sa\u00fade, chefiado por\u00a0Eduardo Pazuello, anunciou que compraria 46 milh\u00f5es de doses da Coronovac,<\/p>\n\n\n\n<p>No m\u00eas seguinte, o governo federal anunciou que compraria todas as doses do imunizante para incluir a vacina no Plano Nacional de Imuniza\u00e7\u00e3o (PNI) e gerir um \u00fanico calend\u00e1rio de distribui\u00e7\u00e3o em todo o pa\u00eds.<\/p>\n\n\n\n<p><em>Fonte: Yahoo Not\u00edcias<\/em><\/p>\n","protected":false},"excerpt":{"rendered":"<p>A idosa de 93 anos, Olinda Bonturi Bolsonaro, m\u00e3e do presidente\u00a0Jair Bolsonaro\u00a0(sem partido), foi vacinada contra a\u00a0Covid-19\u00a0com a CoronaVac, vacina desenvolvida pelo Instituto Butantan em parceira com a farmac\u00eautica chinesa SinoVac, em Eldorado, no interior de S\u00e3o Paulo.<\/p>\n","protected":false},"author":2,"featured_media":32420,"comment_status":"open","ping_status":"open","sticky":false,"template":"","format":"standard","meta":{"om_disable_all_campaigns":false,"_monsterinsights_skip_tracking":false,"_monsterinsights_sitenote_active":false,"_monsterinsights_sitenote_note":"","_monsterinsights_sitenote_category":0,"footnotes":""},"categories":[34,70,69,21,19],"tags":[93,1395,650,3570],"class_list":["post-33063","post","type-post","status-publish","format-standard","has-post-thumbnail","hentry","category-brasil","category-destaques","category-noticias2","category-politica","category-saude","tag-brasil","tag-jair-bolsonaro","tag-mae","tag-vacina"],"aioseo_notices":[],"_links":{"self":[{"href":"https:\/\/www.portalalerta.com.br\/index.php\/wp-json\/wp\/v2\/posts\/33063","targetHints":{"allow":["GET"]}}],"collection":[{"href":"https:\/\/www.portalalerta.com.br\/index.php\/wp-json\/wp\/v2\/posts"}],"about":[{"href":"https:\/\/www.portalalerta.com.br\/index.php\/wp-json\/wp\/v2\/types\/post"}],"author":[{"embeddable":true,"href":"https:\/\/www.portalalerta.com.br\/index.php\/wp-json\/wp\/v2\/users\/2"}],"replies":[{"embeddable":true,"href":"https:\/\/www.portalalerta.com.br\/index.php\/wp-json\/wp\/v2\/comments?post=33063"}],"version-history":[{"count":1,"href":"https:\/\/www.portalalerta.com.br\/index.php\/wp-json\/wp\/v2\/posts\/33063\/revisions"}],"predecessor-version":[{"id":33067,"href":"https:\/\/www.portalalerta.com.br\/index.php\/wp-json\/wp\/v2\/posts\/33063\/revisions\/33067"}],"wp:featuredmedia":[{"embeddable":true,"href":"https:\/\/www.portalalerta.com.br\/index.php\/wp-json\/wp\/v2\/media\/32420"}],"wp:attachment":[{"href":"https:\/\/www.portalalerta.com.br\/index.php\/wp-json\/wp\/v2\/media?parent=33063"}],"wp:term":[{"taxonomy":"category","embeddable":true,"href":"https:\/\/www.portalalerta.com.br\/index.php\/wp-json\/wp\/v2\/categories?post=33063"},{"taxonomy":"post_tag","embeddable":true,"href":"https:\/\/www.portalalerta.com.br\/index.php\/wp-json\/wp\/v2\/tags?post=33063"}],"curies":[{"name":"wp","href":"https:\/\/api.w.org\/{rel}","templated":true}]}}