{"id":33197,"date":"2021-02-23T19:23:06","date_gmt":"2021-02-23T22:23:06","guid":{"rendered":"https:\/\/www.portalalerta.com.br\/?p=33197"},"modified":"2021-02-23T19:23:07","modified_gmt":"2021-02-23T22:23:07","slug":"pfizer-diz-que-nao-aceita-exigencias-de-bolsonaro-para-vender-vacina-ao-pais","status":"publish","type":"post","link":"https:\/\/www.portalalerta.com.br\/index.php\/2021\/02\/23\/pfizer-diz-que-nao-aceita-exigencias-de-bolsonaro-para-vender-vacina-ao-pais\/","title":{"rendered":"Pfizer diz que n\u00e3o aceita exig\u00eancias de Bolsonaro para vender vacina ao pa\u00eds"},"content":{"rendered":"\n<p>A farmac\u00eautica Pfizer, respons\u00e1vel pela produ\u00e7\u00e3o de imunizantes contra a Covid-19, afirmou nesta segunda-feira (22) a senadores brasileiros que n\u00e3o aceita as exig\u00eancias feitas pelo governo brasileiro para que venda sua vacina no pa\u00eds. A informa\u00e7\u00e3o \u00e9 do jornal Folha de S. Paulo.&nbsp;<\/p>\n\n\n\n<!--more-->\n\n\n\n<p>O impasse \u00e9 que a Pfizer quer que o governo brasileiro se responsabilize por eventuais demandas judiciais decorrentes de efeitos adversos da vacina, desde que a Ag\u00eancia Nacional de Vigil\u00e2ncia Sanit\u00e1ria (Anvisa) tenha concedido o registro ou autorizado o uso emergencial.<\/p>\n\n\n\n<div class=\"wp-block-image\"><figure class=\"aligncenter size-large\"><img decoding=\"async\" src=\"https:\/\/www.portalalerta.com.br\/wp-content\/uploads\/2021\/01\/Moda-Ver\u00e3o-Real-Cal\u00e7ados-2021.jpeg\" alt=\"\" class=\"wp-image-31690\"\/><\/figure><\/div>\n\n\n\n<p>O presidente Jair Bolsonaro atacou as condi\u00e7\u00f5es, e as negocia\u00e7\u00f5es com a multinacional empacaram. Em dezembro, Bolsonaro defendeu que n\u00e3o deve ser cobrado por eventuais efeitos colaterais de uma vacina contra a Covid-19.<\/p>\n\n\n\n<p>Na Am\u00e9rica Latina, apenas o Brasil, a Venezuela e a Argentina n\u00e3o teriam aceitado as regras. A reuni\u00e3o com o presidente do Senado, Rodrigo Pacheco (DEM-MG), e o senador Randolfe Rodrigues (Rede-AP), foi realizada para que eles tentem contornar o problema, por meio do di\u00e1logo com o governo e tamb\u00e9m de iniciativas legislativas.<\/p>\n\n\n\n<p><em>Fonte: Metro1<\/em><\/p>\n","protected":false},"excerpt":{"rendered":"<p>A farmac\u00eautica Pfizer, respons\u00e1vel pela produ\u00e7\u00e3o de imunizantes contra a Covid-19, afirmou nesta segunda-feira (22) a senadores brasileiros que n\u00e3o aceita as exig\u00eancias feitas pelo governo brasileiro para que venda sua vacina no pa\u00eds. A informa\u00e7\u00e3o \u00e9 do jornal Folha de S. Paulo.&nbsp;<\/p>\n","protected":false},"author":2,"featured_media":33202,"comment_status":"open","ping_status":"open","sticky":false,"template":"","format":"standard","meta":{"om_disable_all_campaigns":false,"_monsterinsights_skip_tracking":false,"_monsterinsights_sitenote_active":false,"_monsterinsights_sitenote_note":"","_monsterinsights_sitenote_category":0,"footnotes":""},"categories":[34,70,69,19],"tags":[93,3429,3486,4002,61,3570,371],"class_list":["post-33197","post","type-post","status-publish","format-standard","has-post-thumbnail","hentry","category-brasil","category-destaques","category-noticias2","category-saude","tag-brasil","tag-coronavirus","tag-covid-19","tag-pfizer","tag-saude","tag-vacina","tag-vacinacao"],"aioseo_notices":[],"_links":{"self":[{"href":"https:\/\/www.portalalerta.com.br\/index.php\/wp-json\/wp\/v2\/posts\/33197","targetHints":{"allow":["GET"]}}],"collection":[{"href":"https:\/\/www.portalalerta.com.br\/index.php\/wp-json\/wp\/v2\/posts"}],"about":[{"href":"https:\/\/www.portalalerta.com.br\/index.php\/wp-json\/wp\/v2\/types\/post"}],"author":[{"embeddable":true,"href":"https:\/\/www.portalalerta.com.br\/index.php\/wp-json\/wp\/v2\/users\/2"}],"replies":[{"embeddable":true,"href":"https:\/\/www.portalalerta.com.br\/index.php\/wp-json\/wp\/v2\/comments?post=33197"}],"version-history":[{"count":1,"href":"https:\/\/www.portalalerta.com.br\/index.php\/wp-json\/wp\/v2\/posts\/33197\/revisions"}],"predecessor-version":[{"id":33203,"href":"https:\/\/www.portalalerta.com.br\/index.php\/wp-json\/wp\/v2\/posts\/33197\/revisions\/33203"}],"wp:featuredmedia":[{"embeddable":true,"href":"https:\/\/www.portalalerta.com.br\/index.php\/wp-json\/wp\/v2\/media\/33202"}],"wp:attachment":[{"href":"https:\/\/www.portalalerta.com.br\/index.php\/wp-json\/wp\/v2\/media?parent=33197"}],"wp:term":[{"taxonomy":"category","embeddable":true,"href":"https:\/\/www.portalalerta.com.br\/index.php\/wp-json\/wp\/v2\/categories?post=33197"},{"taxonomy":"post_tag","embeddable":true,"href":"https:\/\/www.portalalerta.com.br\/index.php\/wp-json\/wp\/v2\/tags?post=33197"}],"curies":[{"name":"wp","href":"https:\/\/api.w.org\/{rel}","templated":true}]}}