{"id":33199,"date":"2021-02-23T20:11:29","date_gmt":"2021-02-23T23:11:29","guid":{"rendered":"https:\/\/www.portalalerta.com.br\/?p=33199"},"modified":"2021-02-23T20:11:30","modified_gmt":"2021-02-23T23:11:30","slug":"comandos-de-unidades-da-policia-militar-da-regiao-sofrem-modificacoes","status":"publish","type":"post","link":"https:\/\/www.portalalerta.com.br\/index.php\/2021\/02\/23\/comandos-de-unidades-da-policia-militar-da-regiao-sofrem-modificacoes\/","title":{"rendered":"Comandos de Unidades da Pol\u00edcia Militar da regi\u00e3o, sofrem modifica\u00e7\u00f5es"},"content":{"rendered":"\n<p>As Unidades da Pol\u00edcia Militar com sedes em munic\u00edpios da regi\u00e3o Nordeste da Bahia, passaram por modifica\u00e7\u00f5es em seus respectivos comandos.<\/p>\n\n\n\n<!--more-->\n\n\n\n<div class=\"wp-block-image\"><figure class=\"aligncenter size-large\"><img fetchpriority=\"high\" decoding=\"async\" width=\"720\" height=\"181\" src=\"https:\/\/www.portalalerta.com.br\/wp-content\/uploads\/2018\/02\/Auto-Escola-Nobre.jpg\" alt=\"\" class=\"wp-image-4869\" srcset=\"https:\/\/www.portalalerta.com.br\/wp-content\/uploads\/2018\/02\/Auto-Escola-Nobre.jpg 720w, https:\/\/www.portalalerta.com.br\/wp-content\/uploads\/2018\/02\/Auto-Escola-Nobre-260x65.jpg 260w, https:\/\/www.portalalerta.com.br\/wp-content\/uploads\/2018\/02\/Auto-Escola-Nobre-50x13.jpg 50w, https:\/\/www.portalalerta.com.br\/wp-content\/uploads\/2018\/02\/Auto-Escola-Nobre-150x38.jpg 150w\" sizes=\"(max-width: 720px) 100vw, 720px\" \/><\/figure><\/div>\n\n\n\n<p>A 21\u00aa Companhia Independente da Pol\u00edcia Militar, com sede em Cip\u00f3-BA, atualmente comandada pelo Major PM Dequex Ara\u00fajo Silva Junior, passar\u00e1 a ser comandada pelo Major PM Jos\u00e9 Lu\u00eds da Silva Lima.<\/p>\n\n\n\n<div class=\"wp-block-image\"><figure class=\"aligncenter size-large\"><img decoding=\"async\" width=\"500\" height=\"400\" src=\"https:\/\/www.portalalerta.com.br\/wp-content\/uploads\/2021\/02\/Maj-Dequex-e-Maj-Jose-Luis.jpg\" alt=\"\" class=\"wp-image-33208\" srcset=\"https:\/\/www.portalalerta.com.br\/wp-content\/uploads\/2021\/02\/Maj-Dequex-e-Maj-Jose-Luis.jpg 500w, https:\/\/www.portalalerta.com.br\/wp-content\/uploads\/2021\/02\/Maj-Dequex-e-Maj-Jose-Luis-300x240.jpg 300w, https:\/\/www.portalalerta.com.br\/wp-content\/uploads\/2021\/02\/Maj-Dequex-e-Maj-Jose-Luis-183x146.jpg 183w, https:\/\/www.portalalerta.com.br\/wp-content\/uploads\/2021\/02\/Maj-Dequex-e-Maj-Jose-Luis-50x40.jpg 50w, https:\/\/www.portalalerta.com.br\/wp-content\/uploads\/2021\/02\/Maj-Dequex-e-Maj-Jose-Luis-94x75.jpg 94w\" sizes=\"(max-width: 500px) 100vw, 500px\" \/><figcaption>Major Dequex (Esquerda), e Major Jos\u00e9 Lu\u00eds (Direita)<\/figcaption><\/figure><\/div>\n\n\n\n<p>A CIPE Nordeste, sediada em Ribeira do Pombal-BA, atualmente comandada pelo Major PM Wellington Morais dos Santos, passar\u00e1 a ser comandada pelo Major PM Marcos Davi Santos Pinto.<\/p>\n\n\n\n<div class=\"wp-block-image\"><figure class=\"aligncenter size-large\"><img decoding=\"async\" width=\"500\" height=\"400\" src=\"https:\/\/www.portalalerta.com.br\/wp-content\/uploads\/2021\/02\/Major-Wellington-e-Maj-Marcos-Davi.jpg\" alt=\"\" class=\"wp-image-33209\" srcset=\"https:\/\/www.portalalerta.com.br\/wp-content\/uploads\/2021\/02\/Major-Wellington-e-Maj-Marcos-Davi.jpg 500w, https:\/\/www.portalalerta.com.br\/wp-content\/uploads\/2021\/02\/Major-Wellington-e-Maj-Marcos-Davi-300x240.jpg 300w, https:\/\/www.portalalerta.com.br\/wp-content\/uploads\/2021\/02\/Major-Wellington-e-Maj-Marcos-Davi-183x146.jpg 183w, https:\/\/www.portalalerta.com.br\/wp-content\/uploads\/2021\/02\/Major-Wellington-e-Maj-Marcos-Davi-50x40.jpg 50w, https:\/\/www.portalalerta.com.br\/wp-content\/uploads\/2021\/02\/Major-Wellington-e-Maj-Marcos-Davi-94x75.jpg 94w\" sizes=\"(max-width: 500px) 100vw, 500px\" \/><figcaption>Major Wellington (Esquerda), e Major Marcos Davi (Direita)<\/figcaption><\/figure><\/div>\n\n\n\n<p>O 5\u00ba Batalh\u00e3o, com sede em Euclides da Cunha-BA, atualmente comandado pelo Tenente Coronel PM Amon Pereira Gomes, passar\u00e1 a ser comandado pelo Tenente Coronel Antonio Batista de Macedo Junior.<\/p>\n\n\n\n<div class=\"wp-block-image\"><figure class=\"aligncenter size-large\"><img loading=\"lazy\" decoding=\"async\" width=\"500\" height=\"375\" src=\"https:\/\/www.portalalerta.com.br\/wp-content\/uploads\/2021\/02\/Ten-Cel-Amon.jpg\" alt=\"\" class=\"wp-image-33210\" srcset=\"https:\/\/www.portalalerta.com.br\/wp-content\/uploads\/2021\/02\/Ten-Cel-Amon.jpg 500w, https:\/\/www.portalalerta.com.br\/wp-content\/uploads\/2021\/02\/Ten-Cel-Amon-320x240.jpg 320w, https:\/\/www.portalalerta.com.br\/wp-content\/uploads\/2021\/02\/Ten-Cel-Amon-195x146.jpg 195w, https:\/\/www.portalalerta.com.br\/wp-content\/uploads\/2021\/02\/Ten-Cel-Amon-50x38.jpg 50w, https:\/\/www.portalalerta.com.br\/wp-content\/uploads\/2021\/02\/Ten-Cel-Amon-100x75.jpg 100w\" sizes=\"(max-width: 500px) 100vw, 500px\" \/><figcaption>Ten Cel Amon deixar\u00e1 o comando do 5\u00ba Batalh\u00e3o, em Euclides da Cunha. O Portal Alerta n\u00e3o teve acesso \u00e0 imagem do seu substituto. <\/figcaption><\/figure><\/div>\n\n\n\n<p>As mudan\u00e7as nos referidos comandos foram publicadas no Di\u00e1rio Oficial do Estado, por\u00e9m a institui\u00e7\u00e3o ainda n\u00e3o divulgou as datas das respectivas passagens de comando.<\/p>\n\n\n\n<p><em>Reda\u00e7\u00e3o: Portal Alerta<\/em><\/p>\n\n\n\n<p><strong><em>#fiqueemcasa<\/em><\/strong><\/p>\n\n\n\n<p><strong><em>#usemascaras<\/em><\/strong><\/p>\n","protected":false},"excerpt":{"rendered":"<p>As Unidades da Pol\u00edcia Militar com sedes em munic\u00edpios da regi\u00e3o Nordeste da Bahia, passaram por modifica\u00e7\u00f5es em seus respectivos comandos.<\/p>\n","protected":false},"author":2,"featured_media":27559,"comment_status":"open","ping_status":"open","sticky":false,"template":"","format":"standard","meta":{"om_disable_all_campaigns":false,"_monsterinsights_skip_tracking":false,"_monsterinsights_sitenote_active":false,"_monsterinsights_sitenote_note":"","_monsterinsights_sitenote_category":0,"footnotes":""},"categories":[40,39,4,13,70,17,10,6,69,14,8,15,11,43,32,16,3,22,7,12],"tags":[182,387,167,4178,129,47],"class_list":["post-33199","post","type-post","status-publish","format-standard","has-post-thumbnail","hentry","category-adustina","category-banzae","category-cicero-dantas","category-cipo","category-destaques","category-euclides-da-cunha","category-fatima","category-heliopolis","category-noticias2","category-nova-soure","category-novo-triunfo","category-olindina","category-paripiranga","category-quijingue","category-regiao","category-ribeira-do-amparo","category-ribeira-do-pombal","category-seguranca","category-sitio-do-quinto","category-tucano","tag-21a-cipm","tag-5o-bpm","tag-cipe-nordeste","tag-cipo-2","tag-euclides-da-cunha","tag-ribeira-do-pombal"],"aioseo_notices":[],"_links":{"self":[{"href":"https:\/\/www.portalalerta.com.br\/index.php\/wp-json\/wp\/v2\/posts\/33199","targetHints":{"allow":["GET"]}}],"collection":[{"href":"https:\/\/www.portalalerta.com.br\/index.php\/wp-json\/wp\/v2\/posts"}],"about":[{"href":"https:\/\/www.portalalerta.com.br\/index.php\/wp-json\/wp\/v2\/types\/post"}],"author":[{"embeddable":true,"href":"https:\/\/www.portalalerta.com.br\/index.php\/wp-json\/wp\/v2\/users\/2"}],"replies":[{"embeddable":true,"href":"https:\/\/www.portalalerta.com.br\/index.php\/wp-json\/wp\/v2\/comments?post=33199"}],"version-history":[{"count":1,"href":"https:\/\/www.portalalerta.com.br\/index.php\/wp-json\/wp\/v2\/posts\/33199\/revisions"}],"predecessor-version":[{"id":33211,"href":"https:\/\/www.portalalerta.com.br\/index.php\/wp-json\/wp\/v2\/posts\/33199\/revisions\/33211"}],"wp:featuredmedia":[{"embeddable":true,"href":"https:\/\/www.portalalerta.com.br\/index.php\/wp-json\/wp\/v2\/media\/27559"}],"wp:attachment":[{"href":"https:\/\/www.portalalerta.com.br\/index.php\/wp-json\/wp\/v2\/media?parent=33199"}],"wp:term":[{"taxonomy":"category","embeddable":true,"href":"https:\/\/www.portalalerta.com.br\/index.php\/wp-json\/wp\/v2\/categories?post=33199"},{"taxonomy":"post_tag","embeddable":true,"href":"https:\/\/www.portalalerta.com.br\/index.php\/wp-json\/wp\/v2\/tags?post=33199"}],"curies":[{"name":"wp","href":"https:\/\/api.w.org\/{rel}","templated":true}]}}