{"id":33247,"date":"2021-02-25T15:31:53","date_gmt":"2021-02-25T18:31:53","guid":{"rendered":"https:\/\/www.portalalerta.com.br\/?p=33247"},"modified":"2021-02-25T15:31:54","modified_gmt":"2021-02-25T18:31:54","slug":"contribuinte-pode-baixar-programa-da-declaracao-do-ir-a-partir-desta-quinta-feira-25","status":"publish","type":"post","link":"https:\/\/www.portalalerta.com.br\/index.php\/2021\/02\/25\/contribuinte-pode-baixar-programa-da-declaracao-do-ir-a-partir-desta-quinta-feira-25\/","title":{"rendered":"Contribuinte pode baixar programa da declara\u00e7\u00e3o do IR a partir desta quinta-feira, 25"},"content":{"rendered":"\n<p><a href=\"https:\/\/agenciabrasil.ebc.com.br\/\"><br><\/a>A partir das 8h desta\u00a0quinta-feira (25), os contribuintes podem baixar o programa de preenchimento e de entrega da declara\u00e7\u00e3o do Imposto de Renda Pessoa F\u00edsica 2021 (ano-base 2020). O programa para computador estar\u00e1 dispon\u00edvel na\u00a0<a rel=\"noreferrer noopener\" href=\"http:\/\/www.receita.economia.gov.br\/\" target=\"_blank\"><strong>p\u00e1gina da Receita Federal<\/strong><\/a>\u00a0na internet.<\/p>\n\n\n\n<!--more-->\n\n\n\n<p><br><br>O prazo de entrega come\u00e7ar\u00e1 na pr\u00f3xima segunda-feira (1\u00ba), \u00e0s 8h, e ir\u00e1 at\u00e9 as 23h50min59s de\u00a030 de abril. Neste ano, o Fisco espera receber at\u00e9 32.619.749 declara\u00e7\u00f5es. No ano passado, foram enviadas 31.980.146 declara\u00e7\u00f5es.<br><br>Pelas estimativas da Receita Federal, 60% das declara\u00e7\u00f5es\u00a0ter\u00e3o restitui\u00e7\u00e3o de imposto, 21% n\u00e3o\u00a0ter\u00e3o imposto a pagar nem a restituir e 19%\u00a0ter\u00e3o imposto a pagar.<br><br>Assim como no ano passado, ser\u00e3o pagos cinco lotes de restitui\u00e7\u00e3o. Os reembolsos ser\u00e3o distribu\u00eddos nas seguintes datas:\u00a031 de maio\u00a0(primeiro lote),\u00a030 de junho\u00a0(segundo lote),\u00a030 de julho\u00a0(terceiro lote),\u00a031 de agosto\u00a0(quarto lote) e\u00a030 de setembro\u00a0(quinto lote).<\/p>\n\n\n\n<div data-mvc-banner=\"leaderboard\"><\/div><script type=\"text\/javascript\"> (function(storeName) { var b = document.createElement('script'); b.type = 'text\/javascript'; b.async = true; b.src = 'https:\/\/www.magazinevoce.com.br\/js\/banner.js?store='+ storeName; var s = document.getElementsByTagName('script')[0]; s.parentNode.insertBefore(b, s); })('Nvscosta'); <\/script>\n\n\n\n<h2 class=\"wp-block-heading\">Novidades<\/h2>\n\n\n\n<p>As regras para a entrega da declara\u00e7\u00e3o do Imposto de Renda foram divulgadas\u00a0ontem\u00a0(24) pela Receita. Entre as principais novidades, est\u00e1 a obrigatoriedade de\u00a0declarar o aux\u00edlio emergencial\u00a0para\u00a0quem recebeu mais de R$ 22.847,76 em outros rendimentos tribut\u00e1veis\u00a0e a cria\u00e7\u00e3o de tr\u00eas campos na ficha \u201cBens e direitos\u201d, para o contribuinte informar criptomoedas e outros ativos eletr\u00f4nicos.<\/p>\n\n\n\n<p>At\u00e9 esta\u00a0sexta-feira (26), as empresas, os bancos, as demais institui\u00e7\u00f5es financeiras e os planos de sa\u00fade est\u00e3o obrigados a fornecer os comprovantes de rendimentos. O contribuinte, no entanto, pode adiantar o trabalho e\u00a0juntar documentos\u00a0como contracheques e recibos, no caso de rendimentos, e notas fiscais, usadas para comprovar dedu\u00e7\u00f5es.<\/p>\n\n\n\n<p><em>Fonte: Ag\u00eancia Brasil<\/em><\/p>\n","protected":false},"excerpt":{"rendered":"<p>A partir das 8h desta\u00a0quinta-feira (25), os contribuintes podem baixar o programa de preenchimento e de entrega da declara\u00e7\u00e3o do Imposto de Renda Pessoa F\u00edsica 2021 (ano-base 2020). O programa para computador estar\u00e1 dispon\u00edvel na\u00a0p\u00e1gina da Receita Federal\u00a0na internet.<\/p>\n","protected":false},"author":2,"featured_media":19810,"comment_status":"open","ping_status":"open","sticky":false,"template":"","format":"standard","meta":{"om_disable_all_campaigns":false,"_monsterinsights_skip_tracking":false,"_monsterinsights_sitenote_active":false,"_monsterinsights_sitenote_note":"","_monsterinsights_sitenote_category":0,"footnotes":""},"categories":[34,70,69],"tags":[3615,93,2636,659],"class_list":["post-33247","post","type-post","status-publish","format-standard","has-post-thumbnail","hentry","category-brasil","category-destaques","category-noticias2","tag-3615","tag-brasil","tag-declaracao-de-imposto-de-renda","tag-receita-federal"],"aioseo_notices":[],"_links":{"self":[{"href":"https:\/\/www.portalalerta.com.br\/index.php\/wp-json\/wp\/v2\/posts\/33247","targetHints":{"allow":["GET"]}}],"collection":[{"href":"https:\/\/www.portalalerta.com.br\/index.php\/wp-json\/wp\/v2\/posts"}],"about":[{"href":"https:\/\/www.portalalerta.com.br\/index.php\/wp-json\/wp\/v2\/types\/post"}],"author":[{"embeddable":true,"href":"https:\/\/www.portalalerta.com.br\/index.php\/wp-json\/wp\/v2\/users\/2"}],"replies":[{"embeddable":true,"href":"https:\/\/www.portalalerta.com.br\/index.php\/wp-json\/wp\/v2\/comments?post=33247"}],"version-history":[{"count":1,"href":"https:\/\/www.portalalerta.com.br\/index.php\/wp-json\/wp\/v2\/posts\/33247\/revisions"}],"predecessor-version":[{"id":33251,"href":"https:\/\/www.portalalerta.com.br\/index.php\/wp-json\/wp\/v2\/posts\/33247\/revisions\/33251"}],"wp:featuredmedia":[{"embeddable":true,"href":"https:\/\/www.portalalerta.com.br\/index.php\/wp-json\/wp\/v2\/media\/19810"}],"wp:attachment":[{"href":"https:\/\/www.portalalerta.com.br\/index.php\/wp-json\/wp\/v2\/media?parent=33247"}],"wp:term":[{"taxonomy":"category","embeddable":true,"href":"https:\/\/www.portalalerta.com.br\/index.php\/wp-json\/wp\/v2\/categories?post=33247"},{"taxonomy":"post_tag","embeddable":true,"href":"https:\/\/www.portalalerta.com.br\/index.php\/wp-json\/wp\/v2\/tags?post=33247"}],"curies":[{"name":"wp","href":"https:\/\/api.w.org\/{rel}","templated":true}]}}