{"id":33248,"date":"2021-02-25T15:39:17","date_gmt":"2021-02-25T18:39:17","guid":{"rendered":"https:\/\/www.portalalerta.com.br\/?p=33248"},"modified":"2021-02-25T15:39:19","modified_gmt":"2021-02-25T18:39:19","slug":"com-covid-19-secretario-fabio-vilas-boas-volta-a-uti","status":"publish","type":"post","link":"https:\/\/www.portalalerta.com.br\/index.php\/2021\/02\/25\/com-covid-19-secretario-fabio-vilas-boas-volta-a-uti\/","title":{"rendered":"Com Covid-19, secret\u00e1rio F\u00e1bio Vilas-Boas volta \u00e0 UTI"},"content":{"rendered":"\n<p>Internado desde a \u00faltima sexta (19) em decorr\u00eancia da Covid-19, o secret\u00e1rio da Sa\u00fade do Estado da Bahia, F\u00e1bio Vilas-Boas, voltou para a Unidade de Terapia Intensiva (UTI) do Hospital Alian\u00e7a, segundo nota divulgada pela Secretaria de Sa\u00fade (Sesab) nesta quinta-feira (25).<\/p>\n\n\n\n<!--more-->\n\n\n\n<div class=\"wp-block-image\"><figure class=\"alignleft size-large is-resized\"><img fetchpriority=\"high\" decoding=\"async\" src=\"https:\/\/www.portalalerta.com.br\/wp-content\/uploads\/2018\/07\/05elab.jpg\" alt=\"\" class=\"wp-image-9394\" width=\"323\" height=\"242\" srcset=\"https:\/\/www.portalalerta.com.br\/wp-content\/uploads\/2018\/07\/05elab.jpg 400w, https:\/\/www.portalalerta.com.br\/wp-content\/uploads\/2018\/07\/05elab-320x240.jpg 320w, https:\/\/www.portalalerta.com.br\/wp-content\/uploads\/2018\/07\/05elab-195x146.jpg 195w, https:\/\/www.portalalerta.com.br\/wp-content\/uploads\/2018\/07\/05elab-50x38.jpg 50w, https:\/\/www.portalalerta.com.br\/wp-content\/uploads\/2018\/07\/05elab-100x75.jpg 100w\" sizes=\"(max-width: 323px) 100vw, 323px\" \/><\/figure><\/div>\n\n\n\n<p>Segundo a pasta, o estado de sa\u00fade de Vilas-Boas \u00e9 est\u00e1vel, sem febre, com oxig\u00eanio em baixo fluxo. A transfer\u00eancia para a UTI foi feita a fim de proporcionar fisioterapia respirat\u00f3ria mais intensa. O secret\u00e1rio permanece em uso de medicamentos e ainda n\u00e3o h\u00e1 previs\u00e3o de alta.<\/p>\n\n\n\n<p>Vilas-Boas \u00e9 assistido pelo pneumologista S\u00e9rgio Jezler e pelo infectologista Roberto Badar\u00f3. Na segunda-feira (22), ele\u00a0foi encaminhado para a UTI, voltando para o quarto no dia seguinte.<\/p>\n\n\n\n<p><em>Fonte: Metro1<\/em><\/p>\n","protected":false},"excerpt":{"rendered":"<p>Internado desde a \u00faltima sexta (19) em decorr\u00eancia da Covid-19, o secret\u00e1rio da Sa\u00fade do Estado da Bahia, F\u00e1bio Vilas-Boas, voltou para a Unidade de Terapia Intensiva (UTI) do Hospital Alian\u00e7a, segundo nota divulgada pela Secretaria de Sa\u00fade (Sesab) nesta quinta-feira (25).<\/p>\n","protected":false},"author":2,"featured_media":33192,"comment_status":"open","ping_status":"open","sticky":false,"template":"","format":"standard","meta":{"om_disable_all_campaigns":false,"_monsterinsights_skip_tracking":false,"_monsterinsights_sitenote_active":false,"_monsterinsights_sitenote_note":"","_monsterinsights_sitenote_category":0,"footnotes":""},"categories":[33,70,69,21,19],"tags":[54,3486,3508,61,4262,153],"class_list":["post-33248","post","type-post","status-publish","format-standard","has-post-thumbnail","hentry","category-bahia","category-destaques","category-noticias2","category-politica","category-saude","tag-bahia","tag-covid-19","tag-fabio-vilas-boas","tag-saude","tag-secretario-de-saude-2","tag-uti"],"aioseo_notices":[],"_links":{"self":[{"href":"https:\/\/www.portalalerta.com.br\/index.php\/wp-json\/wp\/v2\/posts\/33248","targetHints":{"allow":["GET"]}}],"collection":[{"href":"https:\/\/www.portalalerta.com.br\/index.php\/wp-json\/wp\/v2\/posts"}],"about":[{"href":"https:\/\/www.portalalerta.com.br\/index.php\/wp-json\/wp\/v2\/types\/post"}],"author":[{"embeddable":true,"href":"https:\/\/www.portalalerta.com.br\/index.php\/wp-json\/wp\/v2\/users\/2"}],"replies":[{"embeddable":true,"href":"https:\/\/www.portalalerta.com.br\/index.php\/wp-json\/wp\/v2\/comments?post=33248"}],"version-history":[{"count":1,"href":"https:\/\/www.portalalerta.com.br\/index.php\/wp-json\/wp\/v2\/posts\/33248\/revisions"}],"predecessor-version":[{"id":33252,"href":"https:\/\/www.portalalerta.com.br\/index.php\/wp-json\/wp\/v2\/posts\/33248\/revisions\/33252"}],"wp:featuredmedia":[{"embeddable":true,"href":"https:\/\/www.portalalerta.com.br\/index.php\/wp-json\/wp\/v2\/media\/33192"}],"wp:attachment":[{"href":"https:\/\/www.portalalerta.com.br\/index.php\/wp-json\/wp\/v2\/media?parent=33248"}],"wp:term":[{"taxonomy":"category","embeddable":true,"href":"https:\/\/www.portalalerta.com.br\/index.php\/wp-json\/wp\/v2\/categories?post=33248"},{"taxonomy":"post_tag","embeddable":true,"href":"https:\/\/www.portalalerta.com.br\/index.php\/wp-json\/wp\/v2\/tags?post=33248"}],"curies":[{"name":"wp","href":"https:\/\/api.w.org\/{rel}","templated":true}]}}