{"id":33249,"date":"2021-02-25T15:47:52","date_gmt":"2021-02-25T18:47:52","guid":{"rendered":"https:\/\/www.portalalerta.com.br\/?p=33249"},"modified":"2021-02-25T15:47:53","modified_gmt":"2021-02-25T18:47:53","slug":"contas-2019-do-municipio-de-olindina-ba-sao-aprovadas-pelo-tcm","status":"publish","type":"post","link":"https:\/\/www.portalalerta.com.br\/index.php\/2021\/02\/25\/contas-2019-do-municipio-de-olindina-ba-sao-aprovadas-pelo-tcm\/","title":{"rendered":"Contas 2019 do munic\u00edpio de Olindina-BA s\u00e3o aprovadas pelo TCM"},"content":{"rendered":"\n<p>O Tribunal de Contas dos Munic\u00edpios aprovou com ressalvas as contas da Prefeitura de Olindina-BA, da responsabilidade do ent\u00e3o prefeito Vanderlei Fulco Caldas, ano 2019.<\/p>\n\n\n\n<!--more-->\n\n\n\n<div class=\"wp-block-image\"><figure class=\"aligncenter size-large\"><img fetchpriority=\"high\" decoding=\"async\" width=\"720\" height=\"181\" src=\"https:\/\/www.portalalerta.com.br\/wp-content\/uploads\/2018\/02\/Auto-Escola-Nobre.jpg\" alt=\"\" class=\"wp-image-4869\" srcset=\"https:\/\/www.portalalerta.com.br\/wp-content\/uploads\/2018\/02\/Auto-Escola-Nobre.jpg 720w, https:\/\/www.portalalerta.com.br\/wp-content\/uploads\/2018\/02\/Auto-Escola-Nobre-260x65.jpg 260w, https:\/\/www.portalalerta.com.br\/wp-content\/uploads\/2018\/02\/Auto-Escola-Nobre-50x13.jpg 50w, https:\/\/www.portalalerta.com.br\/wp-content\/uploads\/2018\/02\/Auto-Escola-Nobre-150x38.jpg 150w\" sizes=\"(max-width: 720px) 100vw, 720px\" \/><\/figure><\/div>\n\n\n\n<p>O conselheiro Ronaldo Sant\u2019Anna aplicou ao prefeito uma multa de R$6 mil pelas ressalvas contidas no relat\u00f3rio t\u00e9cnico. A decis\u00e3o foi proferida na sess\u00e3o de quinta-feira (25\/02). A despesa total com pessoal alcan\u00e7ou o montante de R$31.416.010,72, que correspondeu a 60,88% da Receita Corrente L\u00edquida de R$51.606.295,31, extrapolando, assim, o limite de 54% previsto na Lei de Responsabilidade Fiscal. Essa irregularidade, no entanto, n\u00e3o comprometeu o m\u00e9rito das contas, vez que no 2\u00aa quadrimestre os gastos representaram 52,16%, ou seja, inferior ao limite estabelecido na LRF.<\/p>\n\n\n\n<p>Desta forma, o ex gestor se encontra no prazo legal para recondu\u00e7\u00e3o da despesa.<\/p>\n\n\n\n<p><em>Fonte: Joilson Costa<\/em><\/p>\n\n\n\n<p><em>Com informa\u00e7\u00f5es: TCM\/BA<\/em><\/p>\n","protected":false},"excerpt":{"rendered":"<p>O Tribunal de Contas dos Munic\u00edpios aprovou com ressalvas as contas da Prefeitura de Olindina-BA, da responsabilidade do ent\u00e3o prefeito Vanderlei Fulco Caldas, ano 2019.<\/p>\n","protected":false},"author":2,"featured_media":24711,"comment_status":"open","ping_status":"open","sticky":false,"template":"","format":"standard","meta":{"om_disable_all_campaigns":false,"_monsterinsights_skip_tracking":false,"_monsterinsights_sitenote_active":false,"_monsterinsights_sitenote_note":"","_monsterinsights_sitenote_category":0,"footnotes":""},"categories":[70,69,15,21,32],"tags":[1887,1048,120,72,3709],"class_list":["post-33249","post","type-post","status-publish","format-standard","has-post-thumbnail","hentry","category-destaques","category-noticias2","category-olindina","category-politica","category-regiao","tag-1887","tag-contas-aprovadas","tag-olindina","tag-tcm","tag-vanderlei-caldas"],"aioseo_notices":[],"_links":{"self":[{"href":"https:\/\/www.portalalerta.com.br\/index.php\/wp-json\/wp\/v2\/posts\/33249","targetHints":{"allow":["GET"]}}],"collection":[{"href":"https:\/\/www.portalalerta.com.br\/index.php\/wp-json\/wp\/v2\/posts"}],"about":[{"href":"https:\/\/www.portalalerta.com.br\/index.php\/wp-json\/wp\/v2\/types\/post"}],"author":[{"embeddable":true,"href":"https:\/\/www.portalalerta.com.br\/index.php\/wp-json\/wp\/v2\/users\/2"}],"replies":[{"embeddable":true,"href":"https:\/\/www.portalalerta.com.br\/index.php\/wp-json\/wp\/v2\/comments?post=33249"}],"version-history":[{"count":1,"href":"https:\/\/www.portalalerta.com.br\/index.php\/wp-json\/wp\/v2\/posts\/33249\/revisions"}],"predecessor-version":[{"id":33253,"href":"https:\/\/www.portalalerta.com.br\/index.php\/wp-json\/wp\/v2\/posts\/33249\/revisions\/33253"}],"wp:featuredmedia":[{"embeddable":true,"href":"https:\/\/www.portalalerta.com.br\/index.php\/wp-json\/wp\/v2\/media\/24711"}],"wp:attachment":[{"href":"https:\/\/www.portalalerta.com.br\/index.php\/wp-json\/wp\/v2\/media?parent=33249"}],"wp:term":[{"taxonomy":"category","embeddable":true,"href":"https:\/\/www.portalalerta.com.br\/index.php\/wp-json\/wp\/v2\/categories?post=33249"},{"taxonomy":"post_tag","embeddable":true,"href":"https:\/\/www.portalalerta.com.br\/index.php\/wp-json\/wp\/v2\/tags?post=33249"}],"curies":[{"name":"wp","href":"https:\/\/api.w.org\/{rel}","templated":true}]}}