{"id":33255,"date":"2021-02-26T20:47:35","date_gmt":"2021-02-26T23:47:35","guid":{"rendered":"https:\/\/www.portalalerta.com.br\/?p=33255"},"modified":"2021-02-26T20:47:36","modified_gmt":"2021-02-26T23:47:36","slug":"aras-diz-que-inquerito-do-stj-contra-lava-jato-e-preocupante-e-anuncia-que-ira-a-justica-contra-a-investigacao","status":"publish","type":"post","link":"https:\/\/www.portalalerta.com.br\/index.php\/2021\/02\/26\/aras-diz-que-inquerito-do-stj-contra-lava-jato-e-preocupante-e-anuncia-que-ira-a-justica-contra-a-investigacao\/","title":{"rendered":"Aras diz que inqu\u00e9rito do STJ contra Lava-Jato \u00e9 &#8216;preocupante&#8217; e anuncia que ir\u00e1 \u00e0 Justi\u00e7a contra a investiga\u00e7\u00e3o"},"content":{"rendered":"\n<p>O procurador-geral da Rep\u00fablica Augusto Aras afirmou nesta sexta-feira que o inqu\u00e9rito aberto pelo Superior Tribunal de Justi\u00e7a (STJ) para investigar procuradores da Lava-Jato \u00e9 &#8220;extremamente grave e preocupante&#8221;, por n\u00e3o atender aos requisitos legais. Aras afirmou que buscar\u00e1 a Justi\u00e7a para tentar barrar a investiga\u00e7\u00e3o e disse que poder\u00e1 recorrer at\u00e9 mesmo a tribunais internacionais.<\/p>\n\n\n\n<!--more-->\n\n\n\n<p>O an\u00fancio foi feito por Aras na sess\u00e3o do Conselho Superior do Minist\u00e9rio P\u00fablico Federal na manh\u00e3 desta sexta-feira. O assunto provocou um momento de uni\u00e3o entre todos os integrantes do conselho, que j\u00e1 haviam solicitado a Aras que tomasse provid\u00eancias sobre o assunto.<\/p>\n\n\n\n<p>A investiga\u00e7\u00e3o aberta de of\u00edcio pelo presidente do STJ Humberto Martins ser\u00e1 conduzida pelo pr\u00f3prio presidente da corte, nos mesmos moldes do inqu\u00e9rito das fake news, aberto pelo Supremo Tribunal Federal (STF). Aras frisou que a Lei Complementar 75 de 1993 estabecele que um membro do Minist\u00e9rio P\u00fablico s\u00f3 pode ser investigado por outro membro do MP e que, no caso do inqu\u00e9rito das fake news, n\u00e3o h\u00e1 nenhum procurador investigado. Aras citou ainda que o regimento interno do STF tem for\u00e7a de lei e n\u00e3o poderia ser usado por analogia por outros tribunais.<\/p>\n\n\n\n<div class=\"wp-block-image\"><figure class=\"aligncenter size-large\"><img decoding=\"async\" src=\"https:\/\/www.portalalerta.com.br\/wp-content\/uploads\/2021\/01\/Moda-Ver\u00e3o-Real-Cal\u00e7ados-2021.jpeg\" alt=\"\" class=\"wp-image-31690\"\/><\/figure><\/div>\n\n\n\n<p>&#8212; Ontem recebi intima\u00e7\u00e3o do eminente presidente do Superior Tribunal de Justi\u00e7a, dando conta de condutas atribu\u00edveis a distintos membros do Minist\u00e9rio P\u00fablico Federal: subprocuradores-gerais da Rep\u00fablica, procuradores regionais da rep\u00fablica e procuradores da rep\u00fablica estariam ou estar\u00e3o sendo investigados no \u00e2mbito do inqu\u00e9rito aberto, de n\u00famero inqu\u00e9rito 58 do STJ. Ou seja, este \u00e9 um assunto extremamente grave, preocupante. N\u00e3o se trata somente de investigar membros do MPF no que toca \u00e0 chamada for\u00e7a-tarefa da Lava-Jato. Se trata de um expediente que pode atingir todos os tribunais brasileiros no que toca a todos os membros do Minist\u00e9rio P\u00fablico brasileiro &#8212; afirmou Aras.<\/p>\n\n\n\n<p>O procurador-geral da Rep\u00fablica citou que o inqu\u00e9rito do STJ pode abrir a possiibilidade de &#8220;cada tribunal de justi\u00e7a, cada tribunal regional federal, cada tribunal regional do trabalho e eventualmente cada tribunal regional eleitoral, valendo-se por remiss\u00e3o e analogia&#8221; criar um expediente semelhante para investigar membros do Minist\u00e9rio P\u00fablico, o que criaria obst\u00e1culos para a atua\u00e7\u00e3o livre da institui\u00e7\u00e3o.<\/p>\n\n\n\n<p>Aras recebeu manifesta\u00e7\u00f5es de apoio de todos os outros conselheiros do MPF sobre esse assunto. Apesar de ter mantido uma rela\u00e7\u00e3o conflituosa com as for\u00e7as-tarefas da Lava-Jato, \u00e9 a primeira vez que Aras sai em defesa dos procuradores do caso, mas desta vez por entender que a iniciativa abriria um precedente para atingir toda a institui\u00e7\u00e3o. Aras n\u00e3o explicou claramente quais a\u00e7\u00f5es vai tomar na Justi\u00e7a para tentar barrar o inqu\u00e9rito.<\/p>\n\n\n\n<p>&#8212; O procurador-geral da rep\u00fablica pretende defender, se for o caso, at\u00e9 na corte internacional a higidez do sistema de Justi\u00e7a brasileiro no que toca ao sistema penal. N\u00f3s envidaremos todos os esfor\u00e7os para preservar o sistema em que o Minist\u00e9rio P\u00fablico acusa, o juiz julga, a pol\u00edcia investiga, sem preju\u00edzo das nossas investiga\u00e7\u00f5es &#8212; afirmou.<\/p>\n\n\n\n<p><em>Fonte: Yahoo Not\u00edcias<\/em><\/p>\n","protected":false},"excerpt":{"rendered":"<p>O procurador-geral da Rep\u00fablica Augusto Aras afirmou nesta sexta-feira que o inqu\u00e9rito aberto pelo Superior Tribunal de Justi\u00e7a (STJ) para investigar procuradores da Lava-Jato \u00e9 &#8220;extremamente grave e preocupante&#8221;, por n\u00e3o atender aos requisitos legais. Aras afirmou que buscar\u00e1 a Justi\u00e7a para tentar barrar a investiga\u00e7\u00e3o e disse que poder\u00e1 recorrer at\u00e9 mesmo a tribunais &hellip;<\/p>\n","protected":false},"author":2,"featured_media":19249,"comment_status":"open","ping_status":"open","sticky":false,"template":"","format":"standard","meta":{"om_disable_all_campaigns":false,"_monsterinsights_skip_tracking":false,"_monsterinsights_sitenote_active":false,"_monsterinsights_sitenote_note":"","_monsterinsights_sitenote_category":0,"footnotes":""},"categories":[34,70,69],"tags":[3099,93,247,3234,411,505],"class_list":["post-33255","post","type-post","status-publish","format-standard","has-post-thumbnail","hentry","category-brasil","category-destaques","category-noticias2","tag-augusto-aras","tag-brasil","tag-lava-jato","tag-operacao-lava-jato","tag-pgr","tag-stj"],"aioseo_notices":[],"_links":{"self":[{"href":"https:\/\/www.portalalerta.com.br\/index.php\/wp-json\/wp\/v2\/posts\/33255","targetHints":{"allow":["GET"]}}],"collection":[{"href":"https:\/\/www.portalalerta.com.br\/index.php\/wp-json\/wp\/v2\/posts"}],"about":[{"href":"https:\/\/www.portalalerta.com.br\/index.php\/wp-json\/wp\/v2\/types\/post"}],"author":[{"embeddable":true,"href":"https:\/\/www.portalalerta.com.br\/index.php\/wp-json\/wp\/v2\/users\/2"}],"replies":[{"embeddable":true,"href":"https:\/\/www.portalalerta.com.br\/index.php\/wp-json\/wp\/v2\/comments?post=33255"}],"version-history":[{"count":1,"href":"https:\/\/www.portalalerta.com.br\/index.php\/wp-json\/wp\/v2\/posts\/33255\/revisions"}],"predecessor-version":[{"id":33259,"href":"https:\/\/www.portalalerta.com.br\/index.php\/wp-json\/wp\/v2\/posts\/33255\/revisions\/33259"}],"wp:featuredmedia":[{"embeddable":true,"href":"https:\/\/www.portalalerta.com.br\/index.php\/wp-json\/wp\/v2\/media\/19249"}],"wp:attachment":[{"href":"https:\/\/www.portalalerta.com.br\/index.php\/wp-json\/wp\/v2\/media?parent=33255"}],"wp:term":[{"taxonomy":"category","embeddable":true,"href":"https:\/\/www.portalalerta.com.br\/index.php\/wp-json\/wp\/v2\/categories?post=33255"},{"taxonomy":"post_tag","embeddable":true,"href":"https:\/\/www.portalalerta.com.br\/index.php\/wp-json\/wp\/v2\/tags?post=33255"}],"curies":[{"name":"wp","href":"https:\/\/api.w.org\/{rel}","templated":true}]}}