{"id":33257,"date":"2021-02-26T21:08:18","date_gmt":"2021-02-27T00:08:18","guid":{"rendered":"https:\/\/www.portalalerta.com.br\/?p=33257"},"modified":"2021-02-26T21:08:19","modified_gmt":"2021-02-27T00:08:19","slug":"governador-do-ceara-rejeita-encontro-com-bolsonaro-por-risco-de-aglomeracao","status":"publish","type":"post","link":"https:\/\/www.portalalerta.com.br\/index.php\/2021\/02\/26\/governador-do-ceara-rejeita-encontro-com-bolsonaro-por-risco-de-aglomeracao\/","title":{"rendered":"Governador do Cear\u00e1 rejeita encontro com Bolsonaro por &#8216;risco de aglomera\u00e7\u00e3o&#8217;"},"content":{"rendered":"\n<p>O governador do Cear\u00e1,\u00a0Camilo Santana\u00a0(PT), afirmou que ir\u00e1 rejeitar o encontro com o presidente\u00a0Jair Bolsonaro\u00a0(sem partido), que visita o estado nesta sexta-feira (26), pelo risco de aglomera\u00e7\u00e3o em meio \u00e0 crise do coronav\u00edrus e o aumento de casos da Covid-19.<\/p>\n\n\n\n<!--more-->\n\n\n\n<p><strong><em>&#8220;Tenho todo respeito \u00e0 autoridade, mas n\u00e3o posso compactuar com aquilo que considero um grave equ\u00edvoco&#8221;, disse.<\/em><\/strong><em><\/em><\/p>\n\n\n\n<p>\u00c9 a terceira vez nesta semana que o presidente faz visitas aos estados brasileiros. Na quarta-feira (24), o\u00a0presidente foi ao Acre, na quinta-feira (25),\u00a0a Foz do Igua\u00e7u, no Paran\u00e1. Nesta sexta, Bolsonaro participar\u00e1 de cerim\u00f4nia para assinar ordens de servi\u00e7os de obras federais.<\/p>\n\n\n\n<div class=\"wp-block-image\"><figure class=\"alignleft size-large is-resized\"><img fetchpriority=\"high\" decoding=\"async\" src=\"https:\/\/www.portalalerta.com.br\/wp-content\/uploads\/2018\/07\/05elab.jpg\" alt=\"\" class=\"wp-image-9394\" width=\"347\" height=\"260\" srcset=\"https:\/\/www.portalalerta.com.br\/wp-content\/uploads\/2018\/07\/05elab.jpg 400w, https:\/\/www.portalalerta.com.br\/wp-content\/uploads\/2018\/07\/05elab-320x240.jpg 320w, https:\/\/www.portalalerta.com.br\/wp-content\/uploads\/2018\/07\/05elab-195x146.jpg 195w, https:\/\/www.portalalerta.com.br\/wp-content\/uploads\/2018\/07\/05elab-50x38.jpg 50w, https:\/\/www.portalalerta.com.br\/wp-content\/uploads\/2018\/07\/05elab-100x75.jpg 100w\" sizes=\"(max-width: 347px) 100vw, 347px\" \/><\/figure><\/div>\n\n\n\n<p>De acordo com agenda oficial, Bolsonaro ser\u00e1 acompanhado do ministro da Infraestrutura, Tarc\u00edsio Gomes de Freitas, e do diretor-geral do DNIT, general Santos Filho, na visita ao Cear\u00e1.<\/p>\n\n\n\n<p>Nas passagens de Bolsonaro pelos estados \u00e9 comum o presidente interagir com apoiadores,\u00a0provocar aglomera\u00e7\u00f5es\u00a0e n\u00e3o usar m\u00e1scara de prote\u00e7\u00e3o contra o novo coronav\u00edrus.<\/p>\n\n\n\n<p>Tamb\u00e9m \u00e9 comum que o presidente\u00a0publique os v\u00eddeos nas redes sociais, como quem faz apologia \u00e0s viola\u00e7\u00f5es da regras de seguran\u00e7a durante a pandemia, para tentar mostrar apoio da popula\u00e7\u00e3o ao governo.<\/p>\n\n\n\n<p>Esta \u00e9 a segunda visita do presidente ao Cear\u00e1 em menos de um ano. Em junho do ano passado, Bolsonaro foi ao estado para inaugurar trecho do Eixo Norte da transposi\u00e7\u00e3o do Rio S\u00e3o Francisco. Na ocasi\u00e3o, o governador Camilo Santana tamb\u00e9m n\u00e3o compareceu ao evento.<\/p>\n\n\n\n<p>De acordo com dados levantados pelo cons\u00f3rcio de ve\u00edculos da imprensa at\u00e9 esta quinta-feira (25), o Cear\u00e1 teve aumento de 109% na m\u00e9dia m\u00f3vel de mortes provocadas pela Covid-19 em 14 dias. O estado soma em uma ano de pandemia mais de 11 mil mortes e 420.369 infectados pela doen\u00e7a.<\/p>\n\n\n\n<p><em>Fonte: Yahoo Not\u00edcias<\/em><\/p>\n","protected":false},"excerpt":{"rendered":"<p>O governador do Cear\u00e1,\u00a0Camilo Santana\u00a0(PT), afirmou que ir\u00e1 rejeitar o encontro com o presidente\u00a0Jair Bolsonaro\u00a0(sem partido), que visita o estado nesta sexta-feira (26), pelo risco de aglomera\u00e7\u00e3o em meio \u00e0 crise do coronav\u00edrus e o aumento de casos da Covid-19.<\/p>\n","protected":false},"author":2,"featured_media":33261,"comment_status":"open","ping_status":"open","sticky":false,"template":"","format":"standard","meta":{"om_disable_all_campaigns":false,"_monsterinsights_skip_tracking":false,"_monsterinsights_sitenote_active":false,"_monsterinsights_sitenote_note":"","_monsterinsights_sitenote_category":0,"footnotes":""},"categories":[34,70,69,21,19],"tags":[93,4271,529,283,1395,1152],"class_list":["post-33257","post","type-post","status-publish","format-standard","has-post-thumbnail","hentry","category-brasil","category-destaques","category-noticias2","category-politica","category-saude","tag-brasil","tag-camilo-santana","tag-ceara","tag-governador","tag-jair-bolsonaro","tag-presidente-da-republica"],"aioseo_notices":[],"_links":{"self":[{"href":"https:\/\/www.portalalerta.com.br\/index.php\/wp-json\/wp\/v2\/posts\/33257","targetHints":{"allow":["GET"]}}],"collection":[{"href":"https:\/\/www.portalalerta.com.br\/index.php\/wp-json\/wp\/v2\/posts"}],"about":[{"href":"https:\/\/www.portalalerta.com.br\/index.php\/wp-json\/wp\/v2\/types\/post"}],"author":[{"embeddable":true,"href":"https:\/\/www.portalalerta.com.br\/index.php\/wp-json\/wp\/v2\/users\/2"}],"replies":[{"embeddable":true,"href":"https:\/\/www.portalalerta.com.br\/index.php\/wp-json\/wp\/v2\/comments?post=33257"}],"version-history":[{"count":1,"href":"https:\/\/www.portalalerta.com.br\/index.php\/wp-json\/wp\/v2\/posts\/33257\/revisions"}],"predecessor-version":[{"id":33262,"href":"https:\/\/www.portalalerta.com.br\/index.php\/wp-json\/wp\/v2\/posts\/33257\/revisions\/33262"}],"wp:featuredmedia":[{"embeddable":true,"href":"https:\/\/www.portalalerta.com.br\/index.php\/wp-json\/wp\/v2\/media\/33261"}],"wp:attachment":[{"href":"https:\/\/www.portalalerta.com.br\/index.php\/wp-json\/wp\/v2\/media?parent=33257"}],"wp:term":[{"taxonomy":"category","embeddable":true,"href":"https:\/\/www.portalalerta.com.br\/index.php\/wp-json\/wp\/v2\/categories?post=33257"},{"taxonomy":"post_tag","embeddable":true,"href":"https:\/\/www.portalalerta.com.br\/index.php\/wp-json\/wp\/v2\/tags?post=33257"}],"curies":[{"name":"wp","href":"https:\/\/api.w.org\/{rel}","templated":true}]}}