{"id":33258,"date":"2021-02-26T21:20:22","date_gmt":"2021-02-27T00:20:22","guid":{"rendered":"https:\/\/www.portalalerta.com.br\/?p=33258"},"modified":"2021-02-26T21:20:23","modified_gmt":"2021-02-27T00:20:23","slug":"policia-civil-cumpre-mandados-de-prisao-contra-criminosos-acusados-de-roubo-em-euclides-da-cunha-ba","status":"publish","type":"post","link":"https:\/\/www.portalalerta.com.br\/index.php\/2021\/02\/26\/policia-civil-cumpre-mandados-de-prisao-contra-criminosos-acusados-de-roubo-em-euclides-da-cunha-ba\/","title":{"rendered":"Pol\u00edcia Civil cumpre mandados de pris\u00e3o contra criminosos acusados de roubo em Euclides da Cunha-BA"},"content":{"rendered":"\n<p>Por volta das 10:30hs da \u00faltima quinta-feira (25), policiais civis da 25\u00aa COORPIN, em Euclides da Cunha-BA, realizaram dilig\u00eancias nos bairros Duda Mac\u00e1rio e Coentros, no referido munic\u00edpio, com o objetivo de cumprirem Mandados de Pris\u00e3o contra dois criminosos apontados como autores de um roubo.<\/p>\n\n\n\n<!--more-->\n\n\n\n<div class=\"wp-block-image\"><figure class=\"aligncenter size-large\"><img fetchpriority=\"high\" decoding=\"async\" width=\"720\" height=\"181\" src=\"https:\/\/www.portalalerta.com.br\/wp-content\/uploads\/2018\/02\/Auto-Escola-Nobre.jpg\" alt=\"\" class=\"wp-image-4869\" srcset=\"https:\/\/www.portalalerta.com.br\/wp-content\/uploads\/2018\/02\/Auto-Escola-Nobre.jpg 720w, https:\/\/www.portalalerta.com.br\/wp-content\/uploads\/2018\/02\/Auto-Escola-Nobre-260x65.jpg 260w, https:\/\/www.portalalerta.com.br\/wp-content\/uploads\/2018\/02\/Auto-Escola-Nobre-50x13.jpg 50w, https:\/\/www.portalalerta.com.br\/wp-content\/uploads\/2018\/02\/Auto-Escola-Nobre-150x38.jpg 150w\" sizes=\"(max-width: 720px) 100vw, 720px\" \/><\/figure><\/div>\n\n\n\n<p>Na ocasi\u00e3o, os policiais tiveram \u00eaxito no cumprimento a ordem judicial, e prenderam K.P dos S (Keofen), 20 anos, e W de J, de 21 anos. A dupla \u00e9 acusada de ter praticado um roubo no bairro Duda Mac\u00e1rio, em dezembro de 2020, que se utilizando de uma arma de fogo, subtra\u00edram das v\u00edtimas: 01 motocicleta Honda Biz de cor verde, demais dados n\u00e3o informados; aparelhos celulares; e uma quantia em dinheiro n\u00e3o divulgada. Ainda segundo informa\u00e7\u00f5es, os criminosos agrediram fisicamente, as v\u00edtimas.<\/p>\n\n\n\n<p>Ap\u00f3s as pris\u00f5es, a dupla foi conduzida para a carceragem do Complexo Policial da cidade, onde se encontram \u00e0 disposi\u00e7\u00e3o da justi\u00e7a.<\/p>\n\n\n\n<p><em>Reda\u00e7\u00e3o: Portal Alerta<\/em><\/p>\n\n\n\n<p><em>Imagem Ilustrativa<\/em><\/p>\n\n\n\n<p><strong><em>#fiqueemcasa<\/em><\/strong><\/p>\n\n\n\n<p><strong><em>#usemascaras<\/em><\/strong><\/p>\n","protected":false},"excerpt":{"rendered":"<p>Por volta das 10:30hs da \u00faltima quinta-feira (25), policiais civis da 25\u00aa COORPIN, em Euclides da Cunha-BA, realizaram dilig\u00eancias nos bairros Duda Mac\u00e1rio e Coentros, no referido munic\u00edpio, com o objetivo de cumprirem Mandados de Pris\u00e3o contra dois criminosos apontados como autores de um roubo.<\/p>\n","protected":false},"author":2,"featured_media":32613,"comment_status":"open","ping_status":"open","sticky":false,"template":"","format":"standard","meta":{"om_disable_all_campaigns":false,"_monsterinsights_skip_tracking":false,"_monsterinsights_sitenote_active":false,"_monsterinsights_sitenote_note":"","_monsterinsights_sitenote_category":0,"footnotes":""},"categories":[70,17,69,32,22],"tags":[557,129,2534,122,110,367],"class_list":["post-33258","post","type-post","status-publish","format-standard","has-post-thumbnail","hentry","category-destaques","category-euclides-da-cunha","category-noticias2","category-regiao","category-seguranca","tag-25a-coorpin","tag-euclides-da-cunha","tag-mandados-de-prisao","tag-policia-civil","tag-presos","tag-roubo"],"aioseo_notices":[],"_links":{"self":[{"href":"https:\/\/www.portalalerta.com.br\/index.php\/wp-json\/wp\/v2\/posts\/33258","targetHints":{"allow":["GET"]}}],"collection":[{"href":"https:\/\/www.portalalerta.com.br\/index.php\/wp-json\/wp\/v2\/posts"}],"about":[{"href":"https:\/\/www.portalalerta.com.br\/index.php\/wp-json\/wp\/v2\/types\/post"}],"author":[{"embeddable":true,"href":"https:\/\/www.portalalerta.com.br\/index.php\/wp-json\/wp\/v2\/users\/2"}],"replies":[{"embeddable":true,"href":"https:\/\/www.portalalerta.com.br\/index.php\/wp-json\/wp\/v2\/comments?post=33258"}],"version-history":[{"count":1,"href":"https:\/\/www.portalalerta.com.br\/index.php\/wp-json\/wp\/v2\/posts\/33258\/revisions"}],"predecessor-version":[{"id":33263,"href":"https:\/\/www.portalalerta.com.br\/index.php\/wp-json\/wp\/v2\/posts\/33258\/revisions\/33263"}],"wp:featuredmedia":[{"embeddable":true,"href":"https:\/\/www.portalalerta.com.br\/index.php\/wp-json\/wp\/v2\/media\/32613"}],"wp:attachment":[{"href":"https:\/\/www.portalalerta.com.br\/index.php\/wp-json\/wp\/v2\/media?parent=33258"}],"wp:term":[{"taxonomy":"category","embeddable":true,"href":"https:\/\/www.portalalerta.com.br\/index.php\/wp-json\/wp\/v2\/categories?post=33258"},{"taxonomy":"post_tag","embeddable":true,"href":"https:\/\/www.portalalerta.com.br\/index.php\/wp-json\/wp\/v2\/tags?post=33258"}],"curies":[{"name":"wp","href":"https:\/\/api.w.org\/{rel}","templated":true}]}}