{"id":33266,"date":"2021-02-27T12:51:07","date_gmt":"2021-02-27T15:51:07","guid":{"rendered":"https:\/\/www.portalalerta.com.br\/?p=33266"},"modified":"2021-02-27T12:51:08","modified_gmt":"2021-02-27T15:51:08","slug":"pandemia-diretor-da-oms-admite-preocupacao-com-situacao-do-brasil","status":"publish","type":"post","link":"https:\/\/www.portalalerta.com.br\/index.php\/2021\/02\/27\/pandemia-diretor-da-oms-admite-preocupacao-com-situacao-do-brasil\/","title":{"rendered":"Pandemia: Diretor da OMS admite preocupa\u00e7\u00e3o com situa\u00e7\u00e3o do Brasil"},"content":{"rendered":"\n<p>O diretor-executivo de emerg\u00eancias da OMS (Organiza\u00e7\u00e3o Mundial da Sa\u00fade), Mike Ryan, admitiu preocupa\u00e7\u00e3o com o momento do Brasil no combate ao novo coronav\u00edrus, que \u00e9 o causador da covid-19.<\/p>\n\n\n\n<!--more-->\n\n\n\n<p>&#8220;A situa\u00e7\u00e3o do Brasil mostra que isso n\u00e3o acabou para ningu\u00e9m, pois qualquer relaxamento \u00e9 perigoso, diante de um v\u00edrus que ainda tem muita energia&#8221;, disse o representante da ag\u00eancia, em entrevista coletiva concedida nesta sexta-feira (26).<\/p>\n\n\n\n<p>&#8220;Se as medidas sanit\u00e1rias de controle n\u00e3o forem mantidas durante a introdu\u00e7\u00e3o das vacinas, pagaremos um pre\u00e7o alto&#8221;, completou Ryan.<\/p>\n\n\n\n<div class=\"wp-block-image\"><figure class=\"aligncenter size-large\"><img decoding=\"async\" src=\"https:\/\/www.portalalerta.com.br\/wp-content\/uploads\/2021\/01\/Moda-Ver\u00e3o-Real-Cal\u00e7ados-2021.jpeg\" alt=\"\" class=\"wp-image-31690\"\/><\/figure><\/div>\n\n\n\n<p>O Brasil tem o terceiro maior n\u00famero de casos de infec\u00e7\u00e3o no mundo (10,4 milh\u00f5es, segundo o Minist\u00e9rio da Sa\u00fade), mas o diretor da ag\u00eancia admitiu n\u00e3o estar claro se a magnitude do cont\u00e1gio tem rela\u00e7\u00e3o com o surgimento de uma variante do novo coronav\u00edrus no pa\u00eds.<\/p>\n\n\n\n<p>Mas Ryan fez um apelo pela continua\u00e7\u00e3o dos cuidados, com distanciamento social e uso de m\u00e1scaras, que se mostraram eficazes contra todas as cepas do coronav\u00edrus. &#8220;Aumentar a capacidade do sistema de sa\u00fade \u00e9 algo positivo, mas n\u00e3o \u00e9 suficiente&#8221;, afirmou o diretor da OMS.<\/p>\n\n\n\n<p><em>Fonte: R7<\/em><\/p>\n","protected":false},"excerpt":{"rendered":"<p>O diretor-executivo de emerg\u00eancias da OMS (Organiza\u00e7\u00e3o Mundial da Sa\u00fade), Mike Ryan, admitiu preocupa\u00e7\u00e3o com o momento do Brasil no combate ao novo coronav\u00edrus, que \u00e9 o causador da covid-19.<\/p>\n","protected":false},"author":2,"featured_media":33270,"comment_status":"open","ping_status":"open","sticky":false,"template":"","format":"standard","meta":{"om_disable_all_campaigns":false,"_monsterinsights_skip_tracking":false,"_monsterinsights_sitenote_active":false,"_monsterinsights_sitenote_note":"","_monsterinsights_sitenote_category":0,"footnotes":""},"categories":[34,70,35,69,19],"tags":[93,3429,3486,4272,339,2954,61],"class_list":["post-33266","post","type-post","status-publish","format-standard","has-post-thumbnail","hentry","category-brasil","category-destaques","category-mundo","category-noticias2","category-saude","tag-brasil","tag-coronavirus","tag-covid-19","tag-mike-ryan","tag-mundo","tag-oms","tag-saude"],"aioseo_notices":[],"_links":{"self":[{"href":"https:\/\/www.portalalerta.com.br\/index.php\/wp-json\/wp\/v2\/posts\/33266","targetHints":{"allow":["GET"]}}],"collection":[{"href":"https:\/\/www.portalalerta.com.br\/index.php\/wp-json\/wp\/v2\/posts"}],"about":[{"href":"https:\/\/www.portalalerta.com.br\/index.php\/wp-json\/wp\/v2\/types\/post"}],"author":[{"embeddable":true,"href":"https:\/\/www.portalalerta.com.br\/index.php\/wp-json\/wp\/v2\/users\/2"}],"replies":[{"embeddable":true,"href":"https:\/\/www.portalalerta.com.br\/index.php\/wp-json\/wp\/v2\/comments?post=33266"}],"version-history":[{"count":1,"href":"https:\/\/www.portalalerta.com.br\/index.php\/wp-json\/wp\/v2\/posts\/33266\/revisions"}],"predecessor-version":[{"id":33271,"href":"https:\/\/www.portalalerta.com.br\/index.php\/wp-json\/wp\/v2\/posts\/33266\/revisions\/33271"}],"wp:featuredmedia":[{"embeddable":true,"href":"https:\/\/www.portalalerta.com.br\/index.php\/wp-json\/wp\/v2\/media\/33270"}],"wp:attachment":[{"href":"https:\/\/www.portalalerta.com.br\/index.php\/wp-json\/wp\/v2\/media?parent=33266"}],"wp:term":[{"taxonomy":"category","embeddable":true,"href":"https:\/\/www.portalalerta.com.br\/index.php\/wp-json\/wp\/v2\/categories?post=33266"},{"taxonomy":"post_tag","embeddable":true,"href":"https:\/\/www.portalalerta.com.br\/index.php\/wp-json\/wp\/v2\/tags?post=33266"}],"curies":[{"name":"wp","href":"https:\/\/api.w.org\/{rel}","templated":true}]}}