{"id":33267,"date":"2021-02-27T12:55:17","date_gmt":"2021-02-27T15:55:17","guid":{"rendered":"https:\/\/www.portalalerta.com.br\/?p=33267"},"modified":"2021-02-27T12:55:18","modified_gmt":"2021-02-27T15:55:18","slug":"mais-um-criminoso-acusado-de-roubo-e-preso-em-euclides-da-cunha-ba","status":"publish","type":"post","link":"https:\/\/www.portalalerta.com.br\/index.php\/2021\/02\/27\/mais-um-criminoso-acusado-de-roubo-e-preso-em-euclides-da-cunha-ba\/","title":{"rendered":"Mais um criminoso acusado de roubo, \u00e9 preso em Euclides da Cunha-BA"},"content":{"rendered":"\n<p>No final da manh\u00e3 da \u00faltima quinta-feira (25), policiais civis da 25\u00aa COORPIN-Euclides da Cunha-BA, foram at\u00e9 a localidade conhecida como casinhas, com a finalidade de cumprirem um mandado de pris\u00e3o.<\/p>\n\n\n\n<!--more-->\n\n\n\n<div data-mvc-banner=\"leaderboard\"><\/div><script type=\"text\/javascript\"> (function(storeName) { var b = document.createElement('script'); b.type = 'text\/javascript'; b.async = true; b.src = 'https:\/\/www.magazinevoce.com.br\/js\/banner.js?store='+ storeName; var s = document.getElementsByTagName('script')[0]; s.parentNode.insertBefore(b, s); })('Nvscosta'); <\/script>\n\n\n\n<p>Mais uma vez, os policiais tiveram \u00eaxito na a\u00e7\u00e3o, tendo em vista que cumpriram um mandado de pris\u00e3o, prendendo o criminoso de iniciais A.I.S (J\u00fanior), 26 anos, que tem contra ele a acusa\u00e7\u00e3o de roubo, fato ocorrido no corrente m\u00eas, no Povoado Jil\u00f3, no referido munic\u00edpio. De acordo com as v\u00edtimas, tanto J\u00fanior quanto outros compassas ficaram escondidos num matagal, de onde saiam armados com porretes e armas de fogo, cometendo assim seus respectivos crimes. Na \u00e9poca, os assaltantes subtra\u00edram aparelhos celulares e uma quantia em dinheiro n\u00e3o informada.<\/p>\n\n\n\n<p>Ap\u00f3s a pris\u00e3o, o criminoso foi conduzido para a carceragem do Complexo Policial da cidade, onde se encontra \u00e0 disposi\u00e7\u00e3o da justi\u00e7a.<\/p>\n\n\n\n<p><em>Reda\u00e7\u00e3o: Portal Alerta<\/em><\/p>\n\n\n\n<p><strong><em>#fiqueemcasa<\/em><\/strong><\/p>\n\n\n\n<p><strong><em>#usemascaras &nbsp;&nbsp;&nbsp;&nbsp;&nbsp;&nbsp;&nbsp;&nbsp;&nbsp;&nbsp;&nbsp;<\/em><\/strong><\/p>\n","protected":false},"excerpt":{"rendered":"<p>No final da manh\u00e3 da \u00faltima quinta-feira (25), policiais civis da 25\u00aa COORPIN-Euclides da Cunha-BA, foram at\u00e9 a localidade conhecida como casinhas, com a finalidade de cumprirem um mandado de pris\u00e3o.<\/p>\n","protected":false},"author":2,"featured_media":20567,"comment_status":"open","ping_status":"open","sticky":false,"template":"","format":"standard","meta":{"om_disable_all_campaigns":false,"_monsterinsights_skip_tracking":false,"_monsterinsights_sitenote_active":false,"_monsterinsights_sitenote_note":"","_monsterinsights_sitenote_category":0,"footnotes":""},"categories":[70,17,69,32,22],"tags":[557,129,488,122,77,367],"class_list":["post-33267","post","type-post","status-publish","format-standard","has-post-thumbnail","hentry","category-destaques","category-euclides-da-cunha","category-noticias2","category-regiao","category-seguranca","tag-25a-coorpin","tag-euclides-da-cunha","tag-mandado-de-prisao","tag-policia-civil","tag-preso","tag-roubo"],"aioseo_notices":[],"_links":{"self":[{"href":"https:\/\/www.portalalerta.com.br\/index.php\/wp-json\/wp\/v2\/posts\/33267","targetHints":{"allow":["GET"]}}],"collection":[{"href":"https:\/\/www.portalalerta.com.br\/index.php\/wp-json\/wp\/v2\/posts"}],"about":[{"href":"https:\/\/www.portalalerta.com.br\/index.php\/wp-json\/wp\/v2\/types\/post"}],"author":[{"embeddable":true,"href":"https:\/\/www.portalalerta.com.br\/index.php\/wp-json\/wp\/v2\/users\/2"}],"replies":[{"embeddable":true,"href":"https:\/\/www.portalalerta.com.br\/index.php\/wp-json\/wp\/v2\/comments?post=33267"}],"version-history":[{"count":1,"href":"https:\/\/www.portalalerta.com.br\/index.php\/wp-json\/wp\/v2\/posts\/33267\/revisions"}],"predecessor-version":[{"id":33272,"href":"https:\/\/www.portalalerta.com.br\/index.php\/wp-json\/wp\/v2\/posts\/33267\/revisions\/33272"}],"wp:featuredmedia":[{"embeddable":true,"href":"https:\/\/www.portalalerta.com.br\/index.php\/wp-json\/wp\/v2\/media\/20567"}],"wp:attachment":[{"href":"https:\/\/www.portalalerta.com.br\/index.php\/wp-json\/wp\/v2\/media?parent=33267"}],"wp:term":[{"taxonomy":"category","embeddable":true,"href":"https:\/\/www.portalalerta.com.br\/index.php\/wp-json\/wp\/v2\/categories?post=33267"},{"taxonomy":"post_tag","embeddable":true,"href":"https:\/\/www.portalalerta.com.br\/index.php\/wp-json\/wp\/v2\/tags?post=33267"}],"curies":[{"name":"wp","href":"https:\/\/api.w.org\/{rel}","templated":true}]}}