{"id":33268,"date":"2021-02-27T13:04:42","date_gmt":"2021-02-27T16:04:42","guid":{"rendered":"https:\/\/www.portalalerta.com.br\/?p=33268"},"modified":"2021-02-27T13:04:43","modified_gmt":"2021-02-27T16:04:43","slug":"crise-no-sus-17-capitais-registram-a-partir-de-80-de-ocupacao-de-utis-para-covid-19","status":"publish","type":"post","link":"https:\/\/www.portalalerta.com.br\/index.php\/2021\/02\/27\/crise-no-sus-17-capitais-registram-a-partir-de-80-de-ocupacao-de-utis-para-covid-19\/","title":{"rendered":"Crise no SUS: 17 capitais registram a partir de 80% de ocupa\u00e7\u00e3o de UTIs para Covid-19"},"content":{"rendered":"\n<p>As taxas de ocupa\u00e7\u00e3o das Unidades de Tratamento Intensivo (UTIs) do Sistema \u00danico de Sa\u00fade (SUS) est\u00e3o a partir de 80% em 17 capitais. De acordo com a Funda\u00e7\u00e3o Oswaldo Cruz (Fiocruz), a situa\u00e7\u00e3o sanit\u00e1ria do pa\u00eds \u00e9 a pior j\u00e1 vista desde o in\u00edcio da pandemia do coronav\u00edrus.<\/p>\n\n\n\n<!--more-->\n\n\n\n<p><strong>As capitais com estes \u00edndices s\u00e3o:<\/strong><\/p>\n\n\n\n<div class=\"wp-block-image\"><figure class=\"alignright size-large is-resized\"><img fetchpriority=\"high\" decoding=\"async\" src=\"https:\/\/www.portalalerta.com.br\/wp-content\/uploads\/2018\/07\/05elab.jpg\" alt=\"\" class=\"wp-image-9394\" width=\"280\" height=\"210\" srcset=\"https:\/\/www.portalalerta.com.br\/wp-content\/uploads\/2018\/07\/05elab.jpg 400w, https:\/\/www.portalalerta.com.br\/wp-content\/uploads\/2018\/07\/05elab-320x240.jpg 320w, https:\/\/www.portalalerta.com.br\/wp-content\/uploads\/2018\/07\/05elab-195x146.jpg 195w, https:\/\/www.portalalerta.com.br\/wp-content\/uploads\/2018\/07\/05elab-50x38.jpg 50w, https:\/\/www.portalalerta.com.br\/wp-content\/uploads\/2018\/07\/05elab-100x75.jpg 100w\" sizes=\"(max-width: 280px) 100vw, 280px\" \/><\/figure><\/div>\n\n\n\n<p>&#8211; Porto Velho (RO) &#8211; 100%;<br>&#8211; Florian\u00f3polis (SC) &#8211; 96,2%;<br>&#8211; Manaus (AM) &#8211; 94,6%;<br>&#8211; Fortaleza (CE) &#8211; 94,4%;<br>&#8211; Goi\u00e2nia (GO) &#8211; 94,4%;<br>&#8211; Teresina (PI) &#8211; 93%;<br>&#8211; Curitiba (PR) &#8211; 90%;<br>&#8211; Natal (RN) &#8211; 89%;<br>&#8211; Rio Branco (AC) &#8211; 88,7%;<br>&#8211; S\u00e3o Lu\u00eds (MA) &#8211; 88,1%;<br>&#8211; Campo Grande (MS) &#8211; 85,5%;<br>&#8211; Rio de Janeiro (RJ) &#8211; 85%;<br>&#8211; Porto Alegre (RS) &#8211; 84%;<br>&#8211; Salvador (BA) &#8211; 82,5%;<br>&#8211; Boa Vista (RR) &#8211; 82,2%;<br>&#8211; Palmas (TO) &#8211; 80,2%;<br>&#8211; Recife (PE) &#8211; 80%.<\/p>\n\n\n\n<p><em>Fonte: Metro1<\/em><\/p>\n","protected":false},"excerpt":{"rendered":"<p>As taxas de ocupa\u00e7\u00e3o das Unidades de Tratamento Intensivo (UTIs) do Sistema \u00danico de Sa\u00fade (SUS) est\u00e3o a partir de 80% em 17 capitais. De acordo com a Funda\u00e7\u00e3o Oswaldo Cruz (Fiocruz), a situa\u00e7\u00e3o sanit\u00e1ria do pa\u00eds \u00e9 a pior j\u00e1 vista desde o in\u00edcio da pandemia do coronav\u00edrus.<\/p>\n","protected":false},"author":2,"featured_media":33273,"comment_status":"open","ping_status":"open","sticky":false,"template":"","format":"standard","meta":{"om_disable_all_campaigns":false,"_monsterinsights_skip_tracking":false,"_monsterinsights_sitenote_active":false,"_monsterinsights_sitenote_note":"","_monsterinsights_sitenote_category":0,"footnotes":""},"categories":[33,34,70,69,19],"tags":[4274,93,1550,3429,3486,441,4056,418,2709,1582,1908,4275,2384,2373,476,4273,300,330,2869,61,1627,153],"class_list":["post-33268","post","type-post","status-publish","format-standard","has-post-thumbnail","hentry","category-bahia","category-brasil","category-destaques","category-noticias2","category-saude","tag-boa-vista","tag-brasil","tag-campo-grande","tag-coronavirus","tag-covid-19","tag-curitiba","tag-florianopolis","tag-fortaleza","tag-goiania","tag-manaus","tag-natal","tag-palmas","tag-porto-alegre","tag-porto-velho","tag-recife","tag-rio-branco","tag-rio-de-janeiro","tag-salvador","tag-sao-luiz","tag-saude","tag-teresina","tag-uti"],"aioseo_notices":[],"_links":{"self":[{"href":"https:\/\/www.portalalerta.com.br\/index.php\/wp-json\/wp\/v2\/posts\/33268","targetHints":{"allow":["GET"]}}],"collection":[{"href":"https:\/\/www.portalalerta.com.br\/index.php\/wp-json\/wp\/v2\/posts"}],"about":[{"href":"https:\/\/www.portalalerta.com.br\/index.php\/wp-json\/wp\/v2\/types\/post"}],"author":[{"embeddable":true,"href":"https:\/\/www.portalalerta.com.br\/index.php\/wp-json\/wp\/v2\/users\/2"}],"replies":[{"embeddable":true,"href":"https:\/\/www.portalalerta.com.br\/index.php\/wp-json\/wp\/v2\/comments?post=33268"}],"version-history":[{"count":1,"href":"https:\/\/www.portalalerta.com.br\/index.php\/wp-json\/wp\/v2\/posts\/33268\/revisions"}],"predecessor-version":[{"id":33274,"href":"https:\/\/www.portalalerta.com.br\/index.php\/wp-json\/wp\/v2\/posts\/33268\/revisions\/33274"}],"wp:featuredmedia":[{"embeddable":true,"href":"https:\/\/www.portalalerta.com.br\/index.php\/wp-json\/wp\/v2\/media\/33273"}],"wp:attachment":[{"href":"https:\/\/www.portalalerta.com.br\/index.php\/wp-json\/wp\/v2\/media?parent=33268"}],"wp:term":[{"taxonomy":"category","embeddable":true,"href":"https:\/\/www.portalalerta.com.br\/index.php\/wp-json\/wp\/v2\/categories?post=33268"},{"taxonomy":"post_tag","embeddable":true,"href":"https:\/\/www.portalalerta.com.br\/index.php\/wp-json\/wp\/v2\/tags?post=33268"}],"curies":[{"name":"wp","href":"https:\/\/api.w.org\/{rel}","templated":true}]}}