{"id":33269,"date":"2021-02-27T13:11:06","date_gmt":"2021-02-27T16:11:06","guid":{"rendered":"https:\/\/www.portalalerta.com.br\/?p=33269"},"modified":"2021-02-27T16:23:04","modified_gmt":"2021-02-27T19:23:04","slug":"entenda-o-que-pode-e-o-que-nao-pode-com-o-novo-decreto-estadual-que-passou-a-valer-na-ultima-sexta-feira-26","status":"publish","type":"post","link":"https:\/\/www.portalalerta.com.br\/index.php\/2021\/02\/27\/entenda-o-que-pode-e-o-que-nao-pode-com-o-novo-decreto-estadual-que-passou-a-valer-na-ultima-sexta-feira-26\/","title":{"rendered":"Entenda o que pode e o que n\u00e3o pode com o novo Decreto Estadual, em vigor desde a \u00faltima sexta-feira, 26"},"content":{"rendered":"\n<p>Diferente do que muitos imaginam, o Decreto Estadual N\u00ba 20.254 de 25 de fevereiro de 2021, n\u00e3o pro\u00edbe a livre circula\u00e7\u00e3o de pessoas durante o per\u00edodo diurno. Por\u00e9m, tal decis\u00e3o restringiu o funcionamento de diversos estabelecimentos comerciais, bem como restringiu a venda de bebida alco\u00f3lica, das 18:00hs de sexta-feira, 26 at\u00e9 a segunda-feira, 1\u00ba.<\/p>\n\n\n\n<!--more-->\n\n\n\n<p>O PORTAL ALERTA fez um breve resumo do que poder\u00e1 ser feito, e o que n\u00e3o poder\u00e1 ser feito neste per\u00edodo.<\/p>\n\n\n\n<p><strong>CONFIRA:<\/strong><\/p>\n\n\n\n<p>Decreto N\u00ba 20254 de 25 de fevereiro de 2021, o Governador Rui Costa decretou que:<\/p>\n\n\n\n<p><strong>\u201cFica determinada a restri\u00e7\u00e3o de locomo\u00e7\u00e3o noturna, vedados a qualquer indiv\u00edduo a perman\u00eancia e o tr\u00e2nsito em vias, equipamentos, locais e pra\u00e7as p\u00fablicas, das 20h \u00e0s 05h, de 26 de fevereiro at\u00e9 01 de mar\u00e7o de 2021, em todo o territ\u00f3rio do Estado da Bahia, em conformidade com as condi\u00e7\u00f5es estabelecidas nos respectivos Decretos Municipais.\u201d<\/strong><\/p>\n\n\n\n<ul class=\"wp-block-list\"><li><strong><em>Funcion\u00e1rios e servidores ligados a sa\u00fade e seguran\u00e7a p\u00fablica, a caminho das suas atividades laborais, est\u00e3o isentos de tais restri\u00e7\u00f5es, assim como pessoas que necessitem dos referidos servi\u00e7os, e comprovem necessidade de urg\u00eancia.<\/em><\/strong><\/li><\/ul>\n\n\n\n<div class=\"wp-block-image\"><figure class=\"aligncenter size-large\"><img fetchpriority=\"high\" decoding=\"async\" width=\"720\" height=\"181\" src=\"https:\/\/www.portalalerta.com.br\/wp-content\/uploads\/2018\/02\/Auto-Escola-Nobre.jpg\" alt=\"\" class=\"wp-image-4869\" srcset=\"https:\/\/www.portalalerta.com.br\/wp-content\/uploads\/2018\/02\/Auto-Escola-Nobre.jpg 720w, https:\/\/www.portalalerta.com.br\/wp-content\/uploads\/2018\/02\/Auto-Escola-Nobre-260x65.jpg 260w, https:\/\/www.portalalerta.com.br\/wp-content\/uploads\/2018\/02\/Auto-Escola-Nobre-50x13.jpg 50w, https:\/\/www.portalalerta.com.br\/wp-content\/uploads\/2018\/02\/Auto-Escola-Nobre-150x38.jpg 150w\" sizes=\"(max-width: 720px) 100vw, 720px\" \/><\/figure><\/div>\n\n\n\n<p><strong><u>Poder\u00e1 funcionar neste per\u00edodo<\/u><\/strong><\/p>\n\n\n\n<p>&#8211; Terminais Rodovi\u00e1rios, bem como a locomo\u00e7\u00e3o de funcion\u00e1rios para a operacionaliza\u00e7\u00e3o -destas atividades<\/p>\n\n\n\n<p>&#8211; Servi\u00e7o de Limpeza P\u00fablica e manuten\u00e7\u00e3o urbana<\/p>\n\n\n\n<p>&#8211; Servi\u00e7os Delivery de farm\u00e1cias e entregas de manuten\u00e7\u00e3o<\/p>\n\n\n\n<p>&#8211; Atividades profissionais de transporte privado de passageiros<\/p>\n\n\n\n<p>&#8211; Servi\u00e7os essenciais de sa\u00fade, alimentos (incluindo feiras livres), seguran\u00e7a, obras (unidades de sa\u00fade)<\/p>\n\n\n\n<p>&#8211; Energia, saneamento b\u00e1sico, e comunica\u00e7\u00e3o<\/p>\n\n\n\n<p>&#8211; Servi\u00e7o delivery de alimentos (at\u00e9 as 24h)<\/p>\n\n\n\n<p><strong><u>Dever\u00e1 ser fechado entre os dias 26 e 1\u00ba:<\/u><\/strong><\/p>\n\n\n\n<p>&#8211; Com\u00e9rcio de Rua, as 17h<\/p>\n\n\n\n<p>&#8211; Bares e Restaurantes com atendimento presencial, e venda de bebida alc\u00f3olica sobre qualquer hip\u00f3tese (inclusive delivery), as 18h<\/p>\n\n\n\n<p>&#8211; Lojas e demais centros comerciais, as 19h<\/p>\n\n\n\n<p>&#8211; Durante a vig\u00eancia do decreto, n\u00e3o poder\u00e3o haver aglomera\u00e7\u00f5es quer sejam de cunho esportivo, religioso, ou lazer, que gerem aglomera\u00e7\u00f5es.<\/p>\n\n\n\n<p><strong>Obs: Procedimento est\u00e9tico n\u00e3o s\u00e3o considerados servi\u00e7os essenciais de sa\u00fade.<\/strong><\/p>\n\n\n\n<p>A Pol\u00edcia Militar da Bahia &#8211; PMBA apoiar\u00e1 as medidas necess\u00e1rias adotadas nos Munic\u00edpios, tendo em vista o disposto neste Decreto, em conjunto com Guardas Municipais.<\/p>\n\n\n\n<p><em>Reda\u00e7\u00e3o: Portal Alerta<\/em><\/p>\n\n\n\n<p><strong><em>#fiqueemcasa<\/em><\/strong><\/p>\n\n\n\n<p><strong><em>#usemascaras<\/em><\/strong><\/p>\n\n\n\n<p>&nbsp;&#8211;<\/p>\n","protected":false},"excerpt":{"rendered":"<p>Diferente do que muitos imaginam, o Decreto Estadual N\u00ba 20.254 de 25 de fevereiro de 2021, n\u00e3o pro\u00edbe a livre circula\u00e7\u00e3o de pessoas durante o per\u00edodo diurno. Por\u00e9m, tal decis\u00e3o restringiu o funcionamento de diversos estabelecimentos comerciais, bem como restringiu a venda de bebida alco\u00f3lica, das 18:00hs de sexta-feira, 26 at\u00e9 a segunda-feira, 1\u00ba.<\/p>\n","protected":false},"author":2,"featured_media":26276,"comment_status":"open","ping_status":"open","sticky":false,"template":"","format":"standard","meta":{"om_disable_all_campaigns":false,"_monsterinsights_skip_tracking":false,"_monsterinsights_sitenote_active":false,"_monsterinsights_sitenote_note":"","_monsterinsights_sitenote_category":0,"footnotes":""},"categories":[40,5,41,33,39,4,13,42,70,17,10,6,18,9,69,14,8,15,11,43,32,16,3,19,7,12],"tags":[3429,3486,3503,912,3627,61,3504],"class_list":["post-33269","post","type-post","status-publish","format-standard","has-post-thumbnail","hentry","category-adustina","category-antas","category-araci","category-bahia","category-banzae","category-cicero-dantas","category-cipo","category-crisopolis","category-destaques","category-euclides-da-cunha","category-fatima","category-heliopolis","category-itapicuru","category-jeremoabo","category-noticias2","category-nova-soure","category-novo-triunfo","category-olindina","category-paripiranga","category-quijingue","category-regiao","category-ribeira-do-amparo","category-ribeira-do-pombal","category-saude","category-sitio-do-quinto","category-tucano","tag-coronavirus","tag-covid-19","tag-decreto-estadual","tag-governo-da-bahia","tag-lockdown","tag-saude","tag-toque-de-recolher"],"aioseo_notices":[],"_links":{"self":[{"href":"https:\/\/www.portalalerta.com.br\/index.php\/wp-json\/wp\/v2\/posts\/33269","targetHints":{"allow":["GET"]}}],"collection":[{"href":"https:\/\/www.portalalerta.com.br\/index.php\/wp-json\/wp\/v2\/posts"}],"about":[{"href":"https:\/\/www.portalalerta.com.br\/index.php\/wp-json\/wp\/v2\/types\/post"}],"author":[{"embeddable":true,"href":"https:\/\/www.portalalerta.com.br\/index.php\/wp-json\/wp\/v2\/users\/2"}],"replies":[{"embeddable":true,"href":"https:\/\/www.portalalerta.com.br\/index.php\/wp-json\/wp\/v2\/comments?post=33269"}],"version-history":[{"count":3,"href":"https:\/\/www.portalalerta.com.br\/index.php\/wp-json\/wp\/v2\/posts\/33269\/revisions"}],"predecessor-version":[{"id":33277,"href":"https:\/\/www.portalalerta.com.br\/index.php\/wp-json\/wp\/v2\/posts\/33269\/revisions\/33277"}],"wp:featuredmedia":[{"embeddable":true,"href":"https:\/\/www.portalalerta.com.br\/index.php\/wp-json\/wp\/v2\/media\/26276"}],"wp:attachment":[{"href":"https:\/\/www.portalalerta.com.br\/index.php\/wp-json\/wp\/v2\/media?parent=33269"}],"wp:term":[{"taxonomy":"category","embeddable":true,"href":"https:\/\/www.portalalerta.com.br\/index.php\/wp-json\/wp\/v2\/categories?post=33269"},{"taxonomy":"post_tag","embeddable":true,"href":"https:\/\/www.portalalerta.com.br\/index.php\/wp-json\/wp\/v2\/tags?post=33269"}],"curies":[{"name":"wp","href":"https:\/\/api.w.org\/{rel}","templated":true}]}}