{"id":33278,"date":"2021-02-27T18:18:50","date_gmt":"2021-02-27T21:18:50","guid":{"rendered":"https:\/\/www.portalalerta.com.br\/?p=33278"},"modified":"2021-02-27T18:18:52","modified_gmt":"2021-02-27T21:18:52","slug":"policia-civil-de-araci-ba-prende-homem-acusado-de-estuprar-enteada-de-8-anos","status":"publish","type":"post","link":"https:\/\/www.portalalerta.com.br\/index.php\/2021\/02\/27\/policia-civil-de-araci-ba-prende-homem-acusado-de-estuprar-enteada-de-8-anos\/","title":{"rendered":"Pol\u00edcia Civil de Araci-BA prende homem acusado de estuprar enteada de 8 anos"},"content":{"rendered":"\n<p>Policiais civis da Delegacia de Araci-BA&nbsp;prenderam na \u00faltima quarta-feira (24), um homem de 46 anos, acusado de estuprar a pr\u00f3pria enteada, de 8 anos.<\/p>\n\n\n\n<!--more-->\n\n\n\n<div class=\"wp-block-image\"><figure class=\"aligncenter size-large\"><img decoding=\"async\" src=\"https:\/\/www.portalalerta.com.br\/wp-content\/uploads\/2021\/01\/Moda-Ver\u00e3o-Real-Cal\u00e7ados-2021.jpeg\" alt=\"\" class=\"wp-image-31690\"\/><\/figure><\/div>\n\n\n\n<p>A pris\u00e3o aconteceu no bairro Tiracolo, no referido munic\u00edpio. De acordo com a pol\u00edcia, o crime tinha ocorrido em 2015 na cidade de Suzano\/SP e j\u00e1 existia um mandado de pris\u00e3o preventiva aberto contra ele, expedido pela Vara de Viol\u00eancia Dom\u00e9stica e Familiar de Suzano.<\/p>\n\n\n\n<p>Ainda de acordo com a pol\u00edcia, o acusado fugiu para a cidade de Araci, onde durante dilig\u00eancias no munic\u00edpio foi localizado e preso. O acusado segue agora \u00e0 disposi\u00e7\u00e3o da justi\u00e7a.<\/p>\n\n\n\n<p><em>Fonte: R\u00e1dio Povo <\/em><em><\/em><\/p>\n\n\n\n<p><em>Com informa\u00e7\u00f5es: A Voz do Campo<\/em><\/p>\n","protected":false},"excerpt":{"rendered":"<p>Policiais civis da Delegacia de Araci-BA&nbsp;prenderam na \u00faltima quarta-feira (24), um homem de 46 anos, acusado de estuprar a pr\u00f3pria enteada, de 8 anos.<\/p>\n","protected":false},"author":2,"featured_media":26024,"comment_status":"open","ping_status":"open","sticky":false,"template":"","format":"standard","meta":{"om_disable_all_campaigns":false,"_monsterinsights_skip_tracking":false,"_monsterinsights_sitenote_active":false,"_monsterinsights_sitenote_note":"","_monsterinsights_sitenote_category":0,"footnotes":""},"categories":[41,34,70,69,32,22],"tags":[48,93,438,122,77,404,2335],"class_list":["post-33278","post","type-post","status-publish","format-standard","has-post-thumbnail","hentry","category-araci","category-brasil","category-destaques","category-noticias2","category-regiao","category-seguranca","tag-araci","tag-brasil","tag-estupro-de-vulneravel","tag-policia-civil","tag-preso","tag-sao-paulo","tag-suzano"],"aioseo_notices":[],"_links":{"self":[{"href":"https:\/\/www.portalalerta.com.br\/index.php\/wp-json\/wp\/v2\/posts\/33278","targetHints":{"allow":["GET"]}}],"collection":[{"href":"https:\/\/www.portalalerta.com.br\/index.php\/wp-json\/wp\/v2\/posts"}],"about":[{"href":"https:\/\/www.portalalerta.com.br\/index.php\/wp-json\/wp\/v2\/types\/post"}],"author":[{"embeddable":true,"href":"https:\/\/www.portalalerta.com.br\/index.php\/wp-json\/wp\/v2\/users\/2"}],"replies":[{"embeddable":true,"href":"https:\/\/www.portalalerta.com.br\/index.php\/wp-json\/wp\/v2\/comments?post=33278"}],"version-history":[{"count":1,"href":"https:\/\/www.portalalerta.com.br\/index.php\/wp-json\/wp\/v2\/posts\/33278\/revisions"}],"predecessor-version":[{"id":33283,"href":"https:\/\/www.portalalerta.com.br\/index.php\/wp-json\/wp\/v2\/posts\/33278\/revisions\/33283"}],"wp:featuredmedia":[{"embeddable":true,"href":"https:\/\/www.portalalerta.com.br\/index.php\/wp-json\/wp\/v2\/media\/26024"}],"wp:attachment":[{"href":"https:\/\/www.portalalerta.com.br\/index.php\/wp-json\/wp\/v2\/media?parent=33278"}],"wp:term":[{"taxonomy":"category","embeddable":true,"href":"https:\/\/www.portalalerta.com.br\/index.php\/wp-json\/wp\/v2\/categories?post=33278"},{"taxonomy":"post_tag","embeddable":true,"href":"https:\/\/www.portalalerta.com.br\/index.php\/wp-json\/wp\/v2\/tags?post=33278"}],"curies":[{"name":"wp","href":"https:\/\/api.w.org\/{rel}","templated":true}]}}