{"id":33279,"date":"2021-02-27T18:28:44","date_gmt":"2021-02-27T21:28:44","guid":{"rendered":"https:\/\/www.portalalerta.com.br\/?p=33279"},"modified":"2021-02-27T18:28:46","modified_gmt":"2021-02-27T21:28:46","slug":"covid-19-quase-47-milhoes-de-brasileiros-estao-sob-toques-de-recolher","status":"publish","type":"post","link":"https:\/\/www.portalalerta.com.br\/index.php\/2021\/02\/27\/covid-19-quase-47-milhoes-de-brasileiros-estao-sob-toques-de-recolher\/","title":{"rendered":"Covid-19: quase 47 milh\u00f5es de brasileiros est\u00e3o sob toques de recolher"},"content":{"rendered":"\n<p>Hoje, 46,82 milh\u00f5es de brasileiros est\u00e3o vivendo sob toques de recolher para conter a propaga\u00e7\u00e3o do novo coronav\u00edrus \u2014 e esse n\u00famero vai aumentar nos pr\u00f3ximos dias, embora epidemiologistas apontem que esse tipo de medida \u00e9 pouco eficaz para combater a pandemia de covid-19.<\/p>\n\n\n\n<!--more-->\n\n\n\n<p>Uma onda de decretos foram publicados recentemente no pa\u00eds para limitar a circula\u00e7\u00e3o da popula\u00e7\u00e3o \u00e0 noite e reduzir a transmiss\u00e3o do Sars-CoV-2.<\/p>\n\n\n\n<p>Essas restri\u00e7\u00f5es est\u00e3o sendo aplicadas hoje para ao menos 22,1% da popula\u00e7\u00e3o nacional, ou pouco mais de um quinto, de acordo com um levantamento da BBC News Brasil.<\/p>\n\n\n\n<p>Os c\u00e1lculos foram feitos com base nas estimativas de popula\u00e7\u00e3o do Instituto Brasileiro de Geografia e Estat\u00edstica (IBGE) de 1\u00ba de julho do ano passado.<\/p>\n\n\n\n<p>S\u00f3 foram levados em conta os decretos que pro\u00edbem que os habitantes de um Estado ou cidade saiam de casa em determinado per\u00edodo do dia e que est\u00e3o em vigor nesta sexta-feira (26\/2).<\/p>\n\n\n\n<div data-mvc-banner=\"leaderboard\"><\/div><script type=\"text\/javascript\"> (function(storeName) { var b = document.createElement('script'); b.type = 'text\/javascript'; b.async = true; b.src = 'https:\/\/www.magazinevoce.com.br\/js\/banner.js?store='+ storeName; var s = document.getElementsByTagName('script')[0]; s.parentNode.insertBefore(b, s); })('Nvscosta'); <\/script>\n\n\n\n<p>Aqueles que restringem apenas o funcionamento de estabelecimentos comerciais, mas n\u00e3o vetam a circula\u00e7\u00e3o, como no Rio Grande do Sul, em S\u00e3o Paulo e em Pernambuco, n\u00e3o foram considerados.<\/p>\n\n\n\n<p><strong>Onde h\u00e1 toques de recolher em vigor:<\/strong><\/p>\n\n\n\n<p>Toques de recolher foram decretados ou prorrogados nos \u00faltimos dias pelos governos de sete Estados.<\/p>\n\n\n\n<p>No Acre, no Cear\u00e1, em Mato Grosso do Sul, no Paran\u00e1 e no Piau\u00ed, as regras abrangem todo o territ\u00f3rio. Na Bahia, as restri\u00e7\u00f5es est\u00e3o valendo em 381 das 417 cidades. Na Para\u00edba, em 144 dos 223 munic\u00edpios.<\/p>\n\n\n\n<p>Al\u00e9m disso, h\u00e1 decretos em vigor em 22 cidades de outros 7 Estados, decretados pelas prefeituras:<\/p>\n\n\n\n<p><strong>. Alagoas:&nbsp;<\/strong>Vi\u00e7osa<\/p>\n\n\n\n<p><strong>. Mato Grosso:&nbsp;<\/strong>Nossa Senhora do Livramento, Rondon\u00f3polis.<\/p>\n\n\n\n<p><strong>. Minas Gerais:<\/strong>&nbsp;Andradas, Araguari, Carmo do Parana\u00edba, Itajub\u00e1, Lagoa Formosa, Montes Claros, Patos de Minas, Patroc\u00ednio, Uberl\u00e2ndia.<\/p>\n\n\n\n<p><strong>. Rio Grande do Norte:<\/strong>&nbsp;Riachuelo<\/p>\n\n\n\n<p><strong>. Roraima:&nbsp;<\/strong>Bonfim, Cant\u00e1, Caroebe, Rorain\u00f3polis.<\/p>\n\n\n\n<p><strong>. Santa Catarina:&nbsp;<\/strong>Chapec\u00f3.<\/p>\n\n\n\n<p><strong>. S\u00e3o Paulo:&nbsp;<\/strong>Cerqueira C\u00e9sar, Gavi\u00e3o Peixoto, S\u00e3o Jo\u00e3o da Boa Vista, Taquaritinga.<\/p>\n\n\n\n<p>Toques de recolher entrar\u00e3o em vigor neste s\u00e1bado (27\/2) em cinco cidades do ABC paulista \u2014 Diadema, Santo Andr\u00e9, S\u00e3o Bernardo do Campo, Mau\u00e1 e Rio Grande da Serra \u2014 onde vivem 2,52 milh\u00f5es de pessoas.<\/p>\n\n\n\n<p>Na cidade mineira de Uberaba, que tem 337 mil habitantes, os vereadores apresentaram ao governo municipal uma proposta de restringir a circula\u00e7\u00e3o \u00e0 noite.<\/p>\n\n\n\n<p>O governador de Sergipe, Belivaldo Chagas (PSD), afirmou que n\u00e3o descarta adotar um toque de recolher.<\/p>\n\n\n\n<p>Pa\u00eds enfrenta alta de interna\u00e7\u00f5es e mortes desde o in\u00edcio do ano<\/p>\n\n\n\n<p><strong>Toque de recolher n\u00e3o basta, dizem epidemiologistas<\/strong><\/p>\n\n\n\n<p>Apesar da multiplica\u00e7\u00e3o de toques de recolher Brasil afora, epidemiologistas ouvidos pela reportagem dizem que isso \u00e9 pouco eficaz para reduzir o cont\u00e1gio pelo novo coronav\u00edrus nem basta para reverter o aumento de casos, interna\u00e7\u00f5es e mortes por covid-19 registrado no pa\u00eds desde o in\u00edcio do ano.<\/p>\n\n\n\n<p>Isso porque um toque de recolher restringe a circula\u00e7\u00e3o de pessoas justamente no per\u00edodo do dia em que menos gente costuma estar nas ruas.<\/p>\n\n\n\n<p>O m\u00e9dico M\u00e1rcio Sommer Bittencourt, do centro de pesquisa cl\u00ednica e epidemiol\u00f3gica do Hospital Universit\u00e1rio da Universidade de S\u00e3o Paulo (USP), diz que, embora os governos se sintam pressionados a agir por causa do agravamento da pandemia, n\u00e3o h\u00e1 justificativa t\u00e9cnica para aplicar essas restri\u00e7\u00f5es s\u00f3 \u00e0 noite.<\/p>\n\n\n\n<p>&#8220;S\u00f3 posso especular que estejam fazendo isso porque \u00e9 mais f\u00e1cil a popula\u00e7\u00e3o aceitar ou porque os governos n\u00e3o teriam for\u00e7a pol\u00edtica para fazer isso tamb\u00e9m de dia&#8221;, afirma Bittencourt.<\/p>\n\n\n\n<p>Esse tipo de proibi\u00e7\u00e3o pode ter algum efeito did\u00e1tico e fazer com que algumas pessoas deixem de sair de casa, mas tem um potencial limitado, explica o epidemiologista.<\/p>\n\n\n\n<p>&#8220;Qualquer medida que distancie as pessoas reduz a transmiss\u00e3o, mas isso provavelmente n\u00e3o vai ser suficiente para controlar a pandemia.&#8221;<\/p>\n\n\n\n<p><strong>Efeito colateral<\/strong><\/p>\n\n\n\n<p>Ethel Maciel, professora da Universidade Federal do Esp\u00edrito Santo (Ufes), diz que a restri\u00e7\u00e3o de circula\u00e7\u00e3o neste per\u00edodo \u00e9 uma &#8220;medida incompleta&#8221;.<\/p>\n\n\n\n<p>&#8220;\u00c9 melhor do que nada. Pode impedir as aglomera\u00e7\u00f5es em bares e festas, mas n\u00e3o as que acontecem em v\u00e1rios outros locais, como no transporte coletivo, por exemplo&#8221;, diz a epidemiologista.<\/p>\n\n\n\n<p>&#8220;Vai ser dif\u00edcil convencer uma pessoa passa uma hora ou mais viajando em um trem, metr\u00f4 ou \u00f4nibus lotado que ela n\u00e3o pode sair de casa \u00e0 noite para se divertir.&#8221;<\/p>\n\n\n\n<p>Um toque de recolher pode ter ainda um efeito colateral indesejado e fazer com que reuni\u00f5es e encontros que ocorreriam nesse per\u00edodo do dia sejam antecipados.<\/p>\n\n\n\n<p>&#8220;Quando voc\u00ea restringe por hor\u00e1rio, concentra as pessoas nos outros hor\u00e1rios. Isso pode fazer com que a efic\u00e1cia de uma medida assim seja nula ou mesmo negativa&#8221;, avalia Bittencourt.<\/p>\n\n\n\n<p>Maciel acrescenta que a cada momento que passa se torna mais dif\u00edcil aplicar medidas deste tipo e de conseguir a ades\u00e3o da popula\u00e7\u00e3o.<\/p>\n\n\n\n<p>&#8220;Todo mundo est\u00e1 cansado. A sociedade est\u00e1 muito polarizada, e a escolha das a\u00e7\u00f5es a serem tomadas virou uma prefer\u00eancia pol\u00edtica e partid\u00e1ria. \u00c9 um absurdo o que estamos vendo justamente quando estamos no pior momento da pandemia.&#8221;<\/p>\n\n\n\n<p><em>Fonte: Yahoo Not\u00edcias<\/em><\/p>\n","protected":false},"excerpt":{"rendered":"<p>Hoje, 46,82 milh\u00f5es de brasileiros est\u00e3o vivendo sob toques de recolher para conter a propaga\u00e7\u00e3o do novo coronav\u00edrus \u2014 e esse n\u00famero vai aumentar nos pr\u00f3ximos dias, embora epidemiologistas apontem que esse tipo de medida \u00e9 pouco eficaz para combater a pandemia de covid-19.<\/p>\n","protected":false},"author":2,"featured_media":23221,"comment_status":"open","ping_status":"open","sticky":false,"template":"","format":"standard","meta":{"om_disable_all_campaigns":false,"_monsterinsights_skip_tracking":false,"_monsterinsights_sitenote_active":false,"_monsterinsights_sitenote_note":"","_monsterinsights_sitenote_category":0,"footnotes":""},"categories":[34,70,69,19],"tags":[3084,454,54,93,529,3429,3486,1428,736,357,924,442,1384,348,1171,735,404,61,3504],"class_list":["post-33279","post","type-post","status-publish","format-standard","has-post-thumbnail","hentry","category-brasil","category-destaques","category-noticias2","category-saude","tag-acre","tag-alagoas","tag-bahia","tag-brasil","tag-ceara","tag-coronavirus","tag-covid-19","tag-mato-grosso","tag-mato-grosso-do-sul","tag-minas-gerais","tag-paraiba","tag-parana","tag-piaui","tag-rio-grande-do-norte","tag-roraima","tag-santa-catarina","tag-sao-paulo","tag-saude","tag-toque-de-recolher"],"aioseo_notices":[],"_links":{"self":[{"href":"https:\/\/www.portalalerta.com.br\/index.php\/wp-json\/wp\/v2\/posts\/33279","targetHints":{"allow":["GET"]}}],"collection":[{"href":"https:\/\/www.portalalerta.com.br\/index.php\/wp-json\/wp\/v2\/posts"}],"about":[{"href":"https:\/\/www.portalalerta.com.br\/index.php\/wp-json\/wp\/v2\/types\/post"}],"author":[{"embeddable":true,"href":"https:\/\/www.portalalerta.com.br\/index.php\/wp-json\/wp\/v2\/users\/2"}],"replies":[{"embeddable":true,"href":"https:\/\/www.portalalerta.com.br\/index.php\/wp-json\/wp\/v2\/comments?post=33279"}],"version-history":[{"count":1,"href":"https:\/\/www.portalalerta.com.br\/index.php\/wp-json\/wp\/v2\/posts\/33279\/revisions"}],"predecessor-version":[{"id":33284,"href":"https:\/\/www.portalalerta.com.br\/index.php\/wp-json\/wp\/v2\/posts\/33279\/revisions\/33284"}],"wp:featuredmedia":[{"embeddable":true,"href":"https:\/\/www.portalalerta.com.br\/index.php\/wp-json\/wp\/v2\/media\/23221"}],"wp:attachment":[{"href":"https:\/\/www.portalalerta.com.br\/index.php\/wp-json\/wp\/v2\/media?parent=33279"}],"wp:term":[{"taxonomy":"category","embeddable":true,"href":"https:\/\/www.portalalerta.com.br\/index.php\/wp-json\/wp\/v2\/categories?post=33279"},{"taxonomy":"post_tag","embeddable":true,"href":"https:\/\/www.portalalerta.com.br\/index.php\/wp-json\/wp\/v2\/tags?post=33279"}],"curies":[{"name":"wp","href":"https:\/\/api.w.org\/{rel}","templated":true}]}}