{"id":33280,"date":"2021-02-27T18:38:07","date_gmt":"2021-02-27T21:38:07","guid":{"rendered":"https:\/\/www.portalalerta.com.br\/?p=33280"},"modified":"2021-02-27T18:38:09","modified_gmt":"2021-02-27T21:38:09","slug":"veiculo-furtado-em-feira-de-santana-ba-e-recuperado-em-euclides-da-cunha-ba","status":"publish","type":"post","link":"https:\/\/www.portalalerta.com.br\/index.php\/2021\/02\/27\/veiculo-furtado-em-feira-de-santana-ba-e-recuperado-em-euclides-da-cunha-ba\/","title":{"rendered":"Ve\u00edculo furtado em Feira de Santana-BA \u00e9 recuperado em Euclides da Cunha-BA"},"content":{"rendered":"\n<p>Em mais um trabalho bem sucedido de investigadores da Pol\u00edcia Civil de Euclides da Cunha-BA, acarretou a recupera\u00e7\u00e3o de uma motocicleta Honda Bros de cor branca, placa policial PJH 3924, que tinha sido furtada em Feira de Santana-BA.<\/p>\n\n\n\n<!--more-->\n\n\n\n<div class=\"wp-block-image\"><figure class=\"alignleft size-large is-resized\"><img fetchpriority=\"high\" decoding=\"async\" src=\"https:\/\/www.portalalerta.com.br\/wp-content\/uploads\/2018\/07\/05elab.jpg\" alt=\"\" class=\"wp-image-9394\" width=\"336\" height=\"251\" srcset=\"https:\/\/www.portalalerta.com.br\/wp-content\/uploads\/2018\/07\/05elab.jpg 400w, https:\/\/www.portalalerta.com.br\/wp-content\/uploads\/2018\/07\/05elab-320x240.jpg 320w, https:\/\/www.portalalerta.com.br\/wp-content\/uploads\/2018\/07\/05elab-195x146.jpg 195w, https:\/\/www.portalalerta.com.br\/wp-content\/uploads\/2018\/07\/05elab-50x38.jpg 50w, https:\/\/www.portalalerta.com.br\/wp-content\/uploads\/2018\/07\/05elab-100x75.jpg 100w\" sizes=\"(max-width: 336px) 100vw, 336px\" \/><\/figure><\/div>\n\n\n\n<p>A a\u00e7\u00e3o dos investigadores ocorreu por volta das 16:00hs da \u00faltima quinta-feira (25), na Aldeia Massacar\u00e1, zona rural de Euclides da Cunha-BA, quando o ve\u00edculo foi encontrado no interior de uma propriedade rural.<\/p>\n\n\n\n<p>A motocicleta foi conduzida para o Complexo Policial da cidade, para a ado\u00e7\u00e3o das medidas cab\u00edveis. N\u00e3o houve relatos de pris\u00e3o de qualquer infrator.<\/p>\n\n\n\n<p><em>Reda\u00e7\u00e3o: Portal Alerta<\/em><\/p>\n\n\n\n<p><strong><em>#fiqueemcasa<\/em><\/strong><\/p>\n\n\n\n<p><strong><em>#usemascaras<\/em><\/strong><\/p>\n","protected":false},"excerpt":{"rendered":"<p>Em mais um trabalho bem sucedido de investigadores da Pol\u00edcia Civil de Euclides da Cunha-BA, acarretou a recupera\u00e7\u00e3o de uma motocicleta Honda Bros de cor branca, placa policial PJH 3924, que tinha sido furtada em Feira de Santana-BA.<\/p>\n","protected":false},"author":2,"featured_media":33285,"comment_status":"open","ping_status":"open","sticky":false,"template":"","format":"standard","meta":{"om_disable_all_campaigns":false,"_monsterinsights_skip_tracking":false,"_monsterinsights_sitenote_active":false,"_monsterinsights_sitenote_note":"","_monsterinsights_sitenote_category":0,"footnotes":""},"categories":[33,70,17,69,32,22],"tags":[129,377,122,101,102],"class_list":["post-33280","post","type-post","status-publish","format-standard","has-post-thumbnail","hentry","category-bahia","category-destaques","category-euclides-da-cunha","category-noticias2","category-regiao","category-seguranca","tag-euclides-da-cunha","tag-feira-de-santana","tag-policia-civil","tag-roubo-de-moto","tag-veiculo-recuperado"],"aioseo_notices":[],"_links":{"self":[{"href":"https:\/\/www.portalalerta.com.br\/index.php\/wp-json\/wp\/v2\/posts\/33280","targetHints":{"allow":["GET"]}}],"collection":[{"href":"https:\/\/www.portalalerta.com.br\/index.php\/wp-json\/wp\/v2\/posts"}],"about":[{"href":"https:\/\/www.portalalerta.com.br\/index.php\/wp-json\/wp\/v2\/types\/post"}],"author":[{"embeddable":true,"href":"https:\/\/www.portalalerta.com.br\/index.php\/wp-json\/wp\/v2\/users\/2"}],"replies":[{"embeddable":true,"href":"https:\/\/www.portalalerta.com.br\/index.php\/wp-json\/wp\/v2\/comments?post=33280"}],"version-history":[{"count":1,"href":"https:\/\/www.portalalerta.com.br\/index.php\/wp-json\/wp\/v2\/posts\/33280\/revisions"}],"predecessor-version":[{"id":33286,"href":"https:\/\/www.portalalerta.com.br\/index.php\/wp-json\/wp\/v2\/posts\/33280\/revisions\/33286"}],"wp:featuredmedia":[{"embeddable":true,"href":"https:\/\/www.portalalerta.com.br\/index.php\/wp-json\/wp\/v2\/media\/33285"}],"wp:attachment":[{"href":"https:\/\/www.portalalerta.com.br\/index.php\/wp-json\/wp\/v2\/media?parent=33280"}],"wp:term":[{"taxonomy":"category","embeddable":true,"href":"https:\/\/www.portalalerta.com.br\/index.php\/wp-json\/wp\/v2\/categories?post=33280"},{"taxonomy":"post_tag","embeddable":true,"href":"https:\/\/www.portalalerta.com.br\/index.php\/wp-json\/wp\/v2\/tags?post=33280"}],"curies":[{"name":"wp","href":"https:\/\/api.w.org\/{rel}","templated":true}]}}