{"id":33281,"date":"2021-02-27T18:47:14","date_gmt":"2021-02-27T21:47:14","guid":{"rendered":"https:\/\/www.portalalerta.com.br\/?p=33281"},"modified":"2021-02-27T18:47:16","modified_gmt":"2021-02-27T21:47:16","slug":"bahia-registra-6-520-novos-casos-de-covid-19-nas-ultimas-24-horas-e-mais-de-205-mil-ativos","status":"publish","type":"post","link":"https:\/\/www.portalalerta.com.br\/index.php\/2021\/02\/27\/bahia-registra-6-520-novos-casos-de-covid-19-nas-ultimas-24-horas-e-mais-de-205-mil-ativos\/","title":{"rendered":"Bahia registra 6.520 novos casos de Covid-19 nas \u00faltimas 24 horas e mais de 20,5 mil ativos"},"content":{"rendered":"\n<p>Na Bahia, nas \u00faltimas 24 horas, foram registrados 6.520 casos de Covid-19 (taxa de crescimento de +1,0%) e 5.672 recuperados (+0,9%). Este foi o maior incremento de novos casos em 2021 e segundo maior da pandemia. Dos 680.904 casos confirmados desde o in\u00edcio da pandemia, 648.593 j\u00e1 s\u00e3o considerados recuperados e 20.582 encontram-se ativos.<\/p>\n\n\n\n<!--more-->\n\n\n\n<p>O boletim epidemiol\u00f3gico contabiliza ainda 1.033.493 casos descartados e 159.580 em investiga\u00e7\u00e3o. Estes dados representam notifica\u00e7\u00f5es oficiais compiladas pelo Centro de Informa\u00e7\u00f5es Estrat\u00e9gicas em Vigil\u00e2ncia em Sa\u00fade da Bahia (Cievs-BA), em conjunto com as vigil\u00e2ncias municipais e as bases de dados do Minist\u00e9rio da Sa\u00fade at\u00e9 as 17 horas deste s\u00e1bado (27). Na Bahia, 42.876 profissionais da sa\u00fade foram confirmados para Covid-19. Para acessar o boletim completo,&nbsp;<a href=\"http:\/\/www.saude.ba.gov.br\/wp-content\/uploads\/2021\/02\/BOLETIM_ELETRONICO_BAHIAN_340___27022021.pdf\" target=\"_blank\" rel=\"noreferrer noopener\">clique aqui<\/a>&nbsp;ou acesse o&nbsp;<a href=\"https:\/\/bi.saude.ba.gov.br\/transparencia\/\" target=\"_blank\" rel=\"noreferrer noopener\">Business Intelligence<\/a>.<\/p>\n\n\n\n<p>Hoje foram registradas 104 mortes e o n\u00famero total de \u00f3bitos por Covid-19 na Bahia desde o in\u00edcio da pandemia \u00e9 de 11.729, representando uma letalidade de 1,72%. Dentre os \u00f3bitos, 56,60% ocorreram no sexo masculino e 43,40% no sexo feminino. Em rela\u00e7\u00e3o ao quesito ra\u00e7a e cor, 55,13% corresponderam a parda, seguidos por branca com 20,54%, preta com 14,67%, amarela com 0,55%, ind\u00edgena com 0,14% e n\u00e3o h\u00e1 informa\u00e7\u00e3o em 8,96% dos \u00f3bitos. O percentual de casos com comorbidade foi de 70,41%, com maior percentual de doen\u00e7as card\u00edacas e cr\u00f4nicas (74,32%).<\/p>\n\n\n\n<div class=\"wp-block-image\"><figure class=\"aligncenter size-large\"><img fetchpriority=\"high\" decoding=\"async\" width=\"720\" height=\"181\" src=\"https:\/\/www.portalalerta.com.br\/wp-content\/uploads\/2018\/02\/Auto-Escola-Nobre.jpg\" alt=\"\" class=\"wp-image-4869\" srcset=\"https:\/\/www.portalalerta.com.br\/wp-content\/uploads\/2018\/02\/Auto-Escola-Nobre.jpg 720w, https:\/\/www.portalalerta.com.br\/wp-content\/uploads\/2018\/02\/Auto-Escola-Nobre-260x65.jpg 260w, https:\/\/www.portalalerta.com.br\/wp-content\/uploads\/2018\/02\/Auto-Escola-Nobre-50x13.jpg 50w, https:\/\/www.portalalerta.com.br\/wp-content\/uploads\/2018\/02\/Auto-Escola-Nobre-150x38.jpg 150w\" sizes=\"(max-width: 720px) 100vw, 720px\" \/><\/figure><\/div>\n\n\n\n<p>A exist\u00eancia de registros tardios e\/ou ac\u00famulo de casos deve-se a sobrecarga das equipes de investiga\u00e7\u00e3o, pois h\u00e1 doen\u00e7as de notifica\u00e7\u00e3o compuls\u00f3ria para al\u00e9m da Covid-19. Outro motivo \u00e9 o aprofundamento das investiga\u00e7\u00f5es epidemiol\u00f3gicas por parte das vigil\u00e2ncias municipais e estadual a fim de evitar distor\u00e7\u00f5es ou equ\u00edvocos, como desconsiderar a causa do \u00f3bito um traumatismo craniano ou um c\u00e2ncer em est\u00e1gio terminal, ainda que a pessoa esteja infectada pelo coronav\u00edrus.<\/p>\n\n\n\n<p><strong>Vacina\u00e7\u00e3o<\/strong><\/p>\n\n\n\n<p>Com 433.274 vacinados contra o coronav\u00edrus (Covid-19), dos quais 98.673 receberam tamb\u00e9m a segunda dose, at\u00e9 as 15 horas deste s\u00e1bado, a Bahia \u00e9 um dos estados do Pa\u00eds com o maior n\u00famero de imunizados. A Secretaria da Sa\u00fade do Estado da Bahia (Sesab) realiza o contato di\u00e1rio com as equipes de cada munic\u00edpio a fim de aferir o quantitativo de doses aplicadas e disponibiliza as informa\u00e7\u00f5es detalhadas no painel&nbsp;<a href=\"https:\/\/bi.saude.ba.gov.br\/vacinacao\/\" target=\"_blank\" rel=\"noreferrer noopener\">https:\/\/bi.saude.ba.gov.br\/vacinacao\/<\/a>.<\/p>\n\n\n\n<p>Tem se observado volume excedente de doses nos frascos das vacinas contra a Covid-19, o que possibilita a utiliza\u00e7\u00e3o de 11 e at\u00e9 12 doses em apenas um frasco, assim como acontece com outras vacinas multidoses. O Minist\u00e9rio da Sa\u00fade emitiu uma nota que autoriza a utiliza\u00e7\u00e3o do volume excedente, desde que seja poss\u00edvel aspirar uma dose completa de 0,5ml de um \u00fanico frasco-ampola. Desta forma, poder\u00e1 ser observado que alguns munic\u00edpios possuem taxa de vacina\u00e7\u00e3o superior a 100%.<\/p>\n\n\n\n<p>Fonte: SESAB<\/p>\n","protected":false},"excerpt":{"rendered":"<p>Na Bahia, nas \u00faltimas 24 horas, foram registrados 6.520 casos de Covid-19 (taxa de crescimento de +1,0%) e 5.672 recuperados (+0,9%). Este foi o maior incremento de novos casos em 2021 e segundo maior da pandemia. Dos 680.904 casos confirmados desde o in\u00edcio da pandemia, 648.593 j\u00e1 s\u00e3o considerados recuperados e 20.582 encontram-se ativos.<\/p>\n","protected":false},"author":2,"featured_media":22317,"comment_status":"open","ping_status":"open","sticky":false,"template":"","format":"standard","meta":{"om_disable_all_campaigns":false,"_monsterinsights_skip_tracking":false,"_monsterinsights_sitenote_active":false,"_monsterinsights_sitenote_note":"","_monsterinsights_sitenote_category":0,"footnotes":""},"categories":[33,70,69,19],"tags":[54,3429,3486,3841,3724,439,61,3570,371],"class_list":["post-33281","post","type-post","status-publish","format-standard","has-post-thumbnail","hentry","category-bahia","category-destaques","category-noticias2","category-saude","tag-bahia","tag-coronavirus","tag-covid-19","tag-curados","tag-infeccao","tag-mortes","tag-saude","tag-vacina","tag-vacinacao"],"aioseo_notices":[],"_links":{"self":[{"href":"https:\/\/www.portalalerta.com.br\/index.php\/wp-json\/wp\/v2\/posts\/33281","targetHints":{"allow":["GET"]}}],"collection":[{"href":"https:\/\/www.portalalerta.com.br\/index.php\/wp-json\/wp\/v2\/posts"}],"about":[{"href":"https:\/\/www.portalalerta.com.br\/index.php\/wp-json\/wp\/v2\/types\/post"}],"author":[{"embeddable":true,"href":"https:\/\/www.portalalerta.com.br\/index.php\/wp-json\/wp\/v2\/users\/2"}],"replies":[{"embeddable":true,"href":"https:\/\/www.portalalerta.com.br\/index.php\/wp-json\/wp\/v2\/comments?post=33281"}],"version-history":[{"count":1,"href":"https:\/\/www.portalalerta.com.br\/index.php\/wp-json\/wp\/v2\/posts\/33281\/revisions"}],"predecessor-version":[{"id":33287,"href":"https:\/\/www.portalalerta.com.br\/index.php\/wp-json\/wp\/v2\/posts\/33281\/revisions\/33287"}],"wp:featuredmedia":[{"embeddable":true,"href":"https:\/\/www.portalalerta.com.br\/index.php\/wp-json\/wp\/v2\/media\/22317"}],"wp:attachment":[{"href":"https:\/\/www.portalalerta.com.br\/index.php\/wp-json\/wp\/v2\/media?parent=33281"}],"wp:term":[{"taxonomy":"category","embeddable":true,"href":"https:\/\/www.portalalerta.com.br\/index.php\/wp-json\/wp\/v2\/categories?post=33281"},{"taxonomy":"post_tag","embeddable":true,"href":"https:\/\/www.portalalerta.com.br\/index.php\/wp-json\/wp\/v2\/tags?post=33281"}],"curies":[{"name":"wp","href":"https:\/\/api.w.org\/{rel}","templated":true}]}}