{"id":33290,"date":"2021-02-28T10:00:00","date_gmt":"2021-02-28T13:00:00","guid":{"rendered":"https:\/\/www.portalalerta.com.br\/?p=33290"},"modified":"2021-02-27T21:30:30","modified_gmt":"2021-02-28T00:30:30","slug":"fiocruz-adultos-com-variante-do-coronavirus-tem-10-vezes-mais-virus-no-corpo","status":"publish","type":"post","link":"https:\/\/www.portalalerta.com.br\/index.php\/2021\/02\/28\/fiocruz-adultos-com-variante-do-coronavirus-tem-10-vezes-mais-virus-no-corpo\/","title":{"rendered":"Fiocruz: Adultos com variante do coronav\u00edrus t\u00eam 10 vezes mais v\u00edrus no corpo"},"content":{"rendered":"\n<p>Adultos infectados pela variante P.1 do\u00a0coronav\u00edrus, identificada primeiro no Amazonas, t\u00eam dez vezes mais v\u00edrus do que adultos infectados por outras \u201cvers\u00f5es\u201d, segundo estudo assinado por cientistas da Fiocruz (Funda\u00e7\u00e3o Oswaldo Cruz).<\/p>\n\n\n\n<!--more-->\n\n\n\n<p>\u201c[Se] a pessoa tem mais carga viral nas vias a\u00e9reas superiores, a tend\u00eancia \u00e9 que ela vai estar expelindo mais v\u00edrus \u2013 e, se ela est\u00e1 expelindo mais v\u00edrus, a chance de uma pessoa se infectar pr\u00f3xima a ela \u00e9 maior\u201d, explica Felipe Naveca, pesquisador da Fiocruz Amazonas e l\u00edder do estudo, em entrevista ao portal G1.<\/p>\n\n\n\n<p>Os pesquisadores analisaram 250 c\u00f3digos gen\u00e9ticos do coronav\u00edrus durante quase um ano. A amostragem cobriu o primeiro pico da doen\u00e7a, em abril, e o segundo, no final do ano passado e in\u00edcio de 2021.<\/p>\n\n\n\n<p>Eles perceberam que essa maior quantidade de v\u00edrus n\u00e3o acontecia, entretanto, nos homens idosos (acima de 59 anos). Uma poss\u00edvel explica\u00e7\u00e3o para isso \u00e9 que a resposta imune de homens idosos tende a n\u00e3o ser t\u00e3o eficiente de forma geral.<\/p>\n\n\n\n<p>\u201cEm homens mais velhos, a resposta imune j\u00e1 n\u00e3o consegue responder t\u00e3o eficientemente, e a\u00ed n\u00e3o teve diferen\u00e7a sendo P.1 ou o outro [v\u00edrus]\u201d, aponta Felipe Naveca.<\/p>\n\n\n\n<p>Tamb\u00e9m \u00e9 poss\u00edvel que isso tenha acontecido nesse grupo porque a quantidade de pessoas analisadas nessa faixa et\u00e1ria foi menor, explicou o pesquisador Tiago Gr\u00e4f, tamb\u00e9m autor do estudo, em uma publica\u00e7\u00e3o na rede social Twitter.<\/p>\n\n\n\n<div data-mvc-banner=\"leaderboard\"><\/div><script type=\"text\/javascript\"> (function(storeName) { var b = document.createElement('script'); b.type = 'text\/javascript'; b.async = true; b.src = 'https:\/\/www.magazinevoce.com.br\/js\/banner.js?store='+ storeName; var s = document.getElementsByTagName('script')[0]; s.parentNode.insertBefore(b, s); })('Nvscosta'); <\/script>\n\n\n\n<p>Para melhor entender o que levou P.1 a este sucesso na dissemina\u00e7\u00e3o, comparamos a quantidade de v\u00edrus nas amostras dos pacientes P.1 e n\u00e3o P.1. Fizemos isso pelo Ct do teste de PCR (quanto menor o Ct, maior a carga viral).&nbsp;<a href=\"https:\/\/t.co\/G83r4GtVPR\" target=\"_blank\" rel=\"noreferrer noopener\">pic.twitter.com\/G83r4GtVPR<\/a><\/p>\n\n\n\n<p>\u2014 Tiago Gr\u00e4f (@GrafTiago)&nbsp;<a href=\"https:\/\/twitter.com\/GrafTiago\/status\/1365641079882661895?ref_src=twsrc%5Etfw\" target=\"_blank\" rel=\"noreferrer noopener\">February 27, 2021<\/a><\/p>\n\n\n\n<p>Felipe Naveca afirma, entretanto, que n\u00e3o h\u00e1 rela\u00e7\u00e3o entre quantidade de v\u00edrus no corpo e gravidade da doen\u00e7a ou, at\u00e9 mesmo, presen\u00e7a deles.<\/p>\n\n\n\n<p>\u201cCarga viral n\u00e3o est\u00e1 relacionada com gravidade \u2013 a gente tem pacientes com alta carga viral e sintomas muito leves ou at\u00e9 sem sintomas\u201d, diz o pesquisador.<\/p>\n\n\n\n<p>Apesar de ter surgido no Amazonas, ao menos outros 18 estados j\u00e1 detectaram infec\u00e7\u00f5es pela variante: os mais recentes foram Mato Grosso e Maranh\u00e3o.<\/p>\n\n\n\n<p>Os pesquisadores tamb\u00e9m apontaram que o espalhamento da P.1 se deu por uma combina\u00e7\u00e3o de fatores relacionados ao pr\u00f3prio v\u00edrus e ao relaxamento do distanciamento social no Amazonas.<\/p>\n\n\n\n<p>Os cientistas apontam que as chamadas interven\u00e7\u00f5es n\u00e3o farmac\u00eauticas \u2013 como uso de m\u00e1scaras e distanciamento social \u2013 em abril do ano passado foram \u201csuficientemente eficazes\u201d em reduzir a velocidade de transmiss\u00e3o do v\u00edrus no estado, mas n\u00e3o em colocar a epidemia sob controle.<\/p>\n\n\n\n<p>Isso permitiu ao v\u00edrus sofrer muta\u00e7\u00f5es e contribuiu para o surgimento, em novembro, da P.1 \u2013 que logo se tornou dominante.<\/p>\n\n\n\n<p>\u201cA falta de distanciamento social eficiente e outras medidas de mitiga\u00e7\u00e3o provavelmente aceleraram a transmiss\u00e3o precoce da variante de preocupa\u00e7\u00e3o [VOC, na sigla em ingl\u00eas] P.1, enquanto a alta transmissibilidade desta variante alimentou ainda mais o r\u00e1pido aumento de casos de SARS-CoV-2 e hospitaliza\u00e7\u00f5es observados em Manaus ap\u00f3s seu surgimento\u201d, dizem os pesquisadores brasileiros.<\/p>\n\n\n\n<p>Eles refor\u00e7am, ainda, que &#8220;a fraca ado\u00e7\u00e3o de interven\u00e7\u00f5es n\u00e3o farmac\u00eauticas, como ocorreu no Amazonas e em outros estados brasileiros, representa um risco significativo para o cont\u00ednuo surgimento e dissemina\u00e7\u00e3o de novas variantes&#8221;.<\/p>\n\n\n\n<p>Na quinta-feira (25), o Brasil bateu o recorde, desde o in\u00edcio da pandemia, do n\u00famero de pessoas mortas em apenas um dia pela Covid-19: 1.582 v\u00edtimas.<\/p>\n\n\n\n<p><em>Fonte: Yahoo Not\u00edcias<\/em><\/p>\n","protected":false},"excerpt":{"rendered":"<p>Adultos infectados pela variante P.1 do\u00a0coronav\u00edrus, identificada primeiro no Amazonas, t\u00eam dez vezes mais v\u00edrus do que adultos infectados por outras \u201cvers\u00f5es\u201d, segundo estudo assinado por cientistas da Fiocruz (Funda\u00e7\u00e3o Oswaldo Cruz).<\/p>\n","protected":false},"author":2,"featured_media":22081,"comment_status":"open","ping_status":"open","sticky":false,"template":"","format":"standard","meta":{"om_disable_all_campaigns":false,"_monsterinsights_skip_tracking":false,"_monsterinsights_sitenote_active":false,"_monsterinsights_sitenote_note":"","_monsterinsights_sitenote_category":0,"footnotes":""},"categories":[34,70,69,19],"tags":[93,3429,3486,61,4212],"class_list":["post-33290","post","type-post","status-publish","format-standard","has-post-thumbnail","hentry","category-brasil","category-destaques","category-noticias2","category-saude","tag-brasil","tag-coronavirus","tag-covid-19","tag-saude","tag-variante"],"aioseo_notices":[],"_links":{"self":[{"href":"https:\/\/www.portalalerta.com.br\/index.php\/wp-json\/wp\/v2\/posts\/33290","targetHints":{"allow":["GET"]}}],"collection":[{"href":"https:\/\/www.portalalerta.com.br\/index.php\/wp-json\/wp\/v2\/posts"}],"about":[{"href":"https:\/\/www.portalalerta.com.br\/index.php\/wp-json\/wp\/v2\/types\/post"}],"author":[{"embeddable":true,"href":"https:\/\/www.portalalerta.com.br\/index.php\/wp-json\/wp\/v2\/users\/2"}],"replies":[{"embeddable":true,"href":"https:\/\/www.portalalerta.com.br\/index.php\/wp-json\/wp\/v2\/comments?post=33290"}],"version-history":[{"count":1,"href":"https:\/\/www.portalalerta.com.br\/index.php\/wp-json\/wp\/v2\/posts\/33290\/revisions"}],"predecessor-version":[{"id":33294,"href":"https:\/\/www.portalalerta.com.br\/index.php\/wp-json\/wp\/v2\/posts\/33290\/revisions\/33294"}],"wp:featuredmedia":[{"embeddable":true,"href":"https:\/\/www.portalalerta.com.br\/index.php\/wp-json\/wp\/v2\/media\/22081"}],"wp:attachment":[{"href":"https:\/\/www.portalalerta.com.br\/index.php\/wp-json\/wp\/v2\/media?parent=33290"}],"wp:term":[{"taxonomy":"category","embeddable":true,"href":"https:\/\/www.portalalerta.com.br\/index.php\/wp-json\/wp\/v2\/categories?post=33290"},{"taxonomy":"post_tag","embeddable":true,"href":"https:\/\/www.portalalerta.com.br\/index.php\/wp-json\/wp\/v2\/tags?post=33290"}],"curies":[{"name":"wp","href":"https:\/\/api.w.org\/{rel}","templated":true}]}}