{"id":33292,"date":"2021-02-28T10:03:00","date_gmt":"2021-02-28T13:03:00","guid":{"rendered":"https:\/\/www.portalalerta.com.br\/?p=33292"},"modified":"2021-02-27T21:53:27","modified_gmt":"2021-02-28T00:53:27","slug":"acusado-de-homicidio-e-preso-em-euclides-da-cunha-ba-2","status":"publish","type":"post","link":"https:\/\/www.portalalerta.com.br\/index.php\/2021\/02\/28\/acusado-de-homicidio-e-preso-em-euclides-da-cunha-ba-2\/","title":{"rendered":"Acusado de homic\u00eddio \u00e9 preso em Euclides da Cunha-BA"},"content":{"rendered":"\n<p>No final da tarde de quinta-feira (25), policiais civis da 25\u00aa COORPIN-Euclides da Cunha-BA, prenderam um criminoso identificado pelas iniciais J de J.N.F.S (Neg\u00e3o), fato ocorrido no bairro Dengo, no referido munic\u00edpio.<\/p>\n\n\n\n<!--more-->\n\n\n\n<p>Neg\u00e3o est\u00e1 sendo apontado como um dos autores do homic\u00eddio que vitimou Lucas Ferreira da Silva. Na \u00e9poca, a v\u00edtima foi assassinada \u00e0 golpes de machado, e em seguida o corpo foi queimado.<strong><a href=\"https:\/\/www.portalalerta.com.br\/index.php\/2021\/01\/03\/2021-comeca-com-crime-barbaro-em-euclides-da-cunha-ba\/\"> Relembre<\/a><\/strong><\/p>\n\n\n\n<div class=\"wp-block-image\"><figure class=\"aligncenter size-large\"><img decoding=\"async\" src=\"https:\/\/www.portalalerta.com.br\/wp-content\/uploads\/2021\/01\/Moda-Ver\u00e3o-Real-Cal\u00e7ados-2021.jpeg\" alt=\"\" class=\"wp-image-31690\"\/><\/figure><\/div>\n\n\n\n<p>No in\u00edcio do corrente m\u00eas, mais duas pessoas acusadas de participa\u00e7\u00e3o no crime, &nbsp;j\u00e1 haviam sido presas no munic\u00edpio de Canind\u00e9 de S\u00e3o Francisco-SE (<strong><a href=\"https:\/\/www.portalalerta.com.br\/index.php\/2021\/02\/05\/acusados-de-homicidio-em-euclides-da-cunha-ba-sao-presos-em-sergipe\/\">Relembre<\/a><\/strong>).<\/p>\n\n\n\n<p>Ap\u00f3s ter a sua pris\u00e3o preventiva decretada, \u201cNeg\u00e3o\u201d foi preso, e conduzido para a carceragem do Complexo Policial da cidade, onde se encontra \u00e0 disposi\u00e7\u00e3o da justi\u00e7a.<\/p>\n\n\n\n<div class=\"wp-block-image\"><figure class=\"aligncenter size-large\"><img fetchpriority=\"high\" decoding=\"async\" width=\"720\" height=\"539\" src=\"https:\/\/www.portalalerta.com.br\/wp-content\/uploads\/2021\/01\/homic\u00eddio-em-Euclides-da-Cunha-2021.jpg\" alt=\"\" class=\"wp-image-31671\" srcset=\"https:\/\/www.portalalerta.com.br\/wp-content\/uploads\/2021\/01\/homic\u00eddio-em-Euclides-da-Cunha-2021.jpg 720w, https:\/\/www.portalalerta.com.br\/wp-content\/uploads\/2021\/01\/homic\u00eddio-em-Euclides-da-Cunha-2021-321x240.jpg 321w, https:\/\/www.portalalerta.com.br\/wp-content\/uploads\/2021\/01\/homic\u00eddio-em-Euclides-da-Cunha-2021-195x146.jpg 195w, https:\/\/www.portalalerta.com.br\/wp-content\/uploads\/2021\/01\/homic\u00eddio-em-Euclides-da-Cunha-2021-50x37.jpg 50w, https:\/\/www.portalalerta.com.br\/wp-content\/uploads\/2021\/01\/homic\u00eddio-em-Euclides-da-Cunha-2021-100x75.jpg 100w\" sizes=\"(max-width: 720px) 100vw, 720px\" \/><figcaption>Lucas foi assassinado \u00e0 golpes de machado, e depois teve o corpo queimado <\/figcaption><\/figure><\/div>\n\n\n\n<p><em>Reda\u00e7\u00e3o: Portal Alerta<\/em><\/p>\n\n\n\n<p><strong><em>#fiqueemcasa<\/em><\/strong><\/p>\n\n\n\n<p><strong><em>#usemascaras<\/em><\/strong><\/p>\n","protected":false},"excerpt":{"rendered":"<p>No final da tarde de quinta-feira (25), policiais civis da 25\u00aa COORPIN-Euclides da Cunha-BA, prenderam um criminoso identificado pelas iniciais J de J.N.F.S (Neg\u00e3o), fato ocorrido no bairro Dengo, no referido munic\u00edpio.<\/p>\n","protected":false},"author":2,"featured_media":32625,"comment_status":"open","ping_status":"open","sticky":false,"template":"","format":"standard","meta":{"om_disable_all_campaigns":false,"_monsterinsights_skip_tracking":false,"_monsterinsights_sitenote_active":false,"_monsterinsights_sitenote_note":"","_monsterinsights_sitenote_category":0,"footnotes":""},"categories":[70,17,69,32,22],"tags":[557,129,258,206,122,77],"class_list":["post-33292","post","type-post","status-publish","format-standard","has-post-thumbnail","hentry","category-destaques","category-euclides-da-cunha","category-noticias2","category-regiao","category-seguranca","tag-25a-coorpin","tag-euclides-da-cunha","tag-homicida","tag-homicidio","tag-policia-civil","tag-preso"],"aioseo_notices":[],"_links":{"self":[{"href":"https:\/\/www.portalalerta.com.br\/index.php\/wp-json\/wp\/v2\/posts\/33292","targetHints":{"allow":["GET"]}}],"collection":[{"href":"https:\/\/www.portalalerta.com.br\/index.php\/wp-json\/wp\/v2\/posts"}],"about":[{"href":"https:\/\/www.portalalerta.com.br\/index.php\/wp-json\/wp\/v2\/types\/post"}],"author":[{"embeddable":true,"href":"https:\/\/www.portalalerta.com.br\/index.php\/wp-json\/wp\/v2\/users\/2"}],"replies":[{"embeddable":true,"href":"https:\/\/www.portalalerta.com.br\/index.php\/wp-json\/wp\/v2\/comments?post=33292"}],"version-history":[{"count":1,"href":"https:\/\/www.portalalerta.com.br\/index.php\/wp-json\/wp\/v2\/posts\/33292\/revisions"}],"predecessor-version":[{"id":33299,"href":"https:\/\/www.portalalerta.com.br\/index.php\/wp-json\/wp\/v2\/posts\/33292\/revisions\/33299"}],"wp:featuredmedia":[{"embeddable":true,"href":"https:\/\/www.portalalerta.com.br\/index.php\/wp-json\/wp\/v2\/media\/32625"}],"wp:attachment":[{"href":"https:\/\/www.portalalerta.com.br\/index.php\/wp-json\/wp\/v2\/media?parent=33292"}],"wp:term":[{"taxonomy":"category","embeddable":true,"href":"https:\/\/www.portalalerta.com.br\/index.php\/wp-json\/wp\/v2\/categories?post=33292"},{"taxonomy":"post_tag","embeddable":true,"href":"https:\/\/www.portalalerta.com.br\/index.php\/wp-json\/wp\/v2\/tags?post=33292"}],"curies":[{"name":"wp","href":"https:\/\/api.w.org\/{rel}","templated":true}]}}