{"id":33293,"date":"2021-02-28T10:02:00","date_gmt":"2021-02-28T13:02:00","guid":{"rendered":"https:\/\/www.portalalerta.com.br\/?p=33293"},"modified":"2021-02-27T21:47:19","modified_gmt":"2021-02-28T00:47:19","slug":"secretario-da-saude-apresenta-melhora-apos-ser-transferido-para-semi-intensiva","status":"publish","type":"post","link":"https:\/\/www.portalalerta.com.br\/index.php\/2021\/02\/28\/secretario-da-saude-apresenta-melhora-apos-ser-transferido-para-semi-intensiva\/","title":{"rendered":"Secret\u00e1rio da Sa\u00fade apresenta melhora ap\u00f3s ser transferido para semi-intensiva"},"content":{"rendered":"\n<p>O secret\u00e1rio da Sa\u00fade da Bahia, F\u00e1bio Vilas-Boas, segue internado em virtude da Covid-19. Neste s\u00e1bado, 27, de acordo com nota divulgada pela Secretaria da Sa\u00fade (Sesab), o titular da pasta apresentou \u201ccurva de melhora\u201d ap\u00f3s ser transferido da UTI para a semi-intensiva.<\/p>\n\n\n\n<!--more-->\n\n\n\n<p>Ainda segundo comunicado, Vilas-Boas segue realizando intensa fisioterapia respirat\u00f3ria, com um quadro cl\u00ednico est\u00e1vel, sem febre, com oxig\u00eanio em baixo fluxo e sem nenhum outro sintoma relevante.<\/p>\n\n\n\n<div class=\"wp-block-image\"><figure class=\"aligncenter size-large\"><img fetchpriority=\"high\" decoding=\"async\" width=\"720\" height=\"181\" src=\"https:\/\/www.portalalerta.com.br\/wp-content\/uploads\/2018\/02\/Auto-Escola-Nobre.jpg\" alt=\"\" class=\"wp-image-4869\" srcset=\"https:\/\/www.portalalerta.com.br\/wp-content\/uploads\/2018\/02\/Auto-Escola-Nobre.jpg 720w, https:\/\/www.portalalerta.com.br\/wp-content\/uploads\/2018\/02\/Auto-Escola-Nobre-260x65.jpg 260w, https:\/\/www.portalalerta.com.br\/wp-content\/uploads\/2018\/02\/Auto-Escola-Nobre-50x13.jpg 50w, https:\/\/www.portalalerta.com.br\/wp-content\/uploads\/2018\/02\/Auto-Escola-Nobre-150x38.jpg 150w\" sizes=\"(max-width: 720px) 100vw, 720px\" \/><\/figure><\/div>\n\n\n\n<p>Ele \u00e9 assistido pelo pneumologista S\u00e9rgio Jezler e pelo infectologista Roberto Badar\u00f3. Permanece em uso de medicamentos e ainda n\u00e3o h\u00e1 previs\u00e3o de alta.<\/p>\n\n\n\n<p>O secret\u00e1rio est\u00e1 internado no Hospital Alian\u00e7a, em Salvador, desde o \u00faltimo dia 19.<\/p>\n\n\n\n<p><em>Fonte: A Tarde<\/em><\/p>\n","protected":false},"excerpt":{"rendered":"<p>O secret\u00e1rio da Sa\u00fade da Bahia, F\u00e1bio Vilas-Boas, segue internado em virtude da Covid-19. Neste s\u00e1bado, 27, de acordo com nota divulgada pela Secretaria da Sa\u00fade (Sesab), o titular da pasta apresentou \u201ccurva de melhora\u201d ap\u00f3s ser transferido da UTI para a semi-intensiva.<\/p>\n","protected":false},"author":2,"featured_media":33297,"comment_status":"open","ping_status":"open","sticky":false,"template":"","format":"standard","meta":{"om_disable_all_campaigns":false,"_monsterinsights_skip_tracking":false,"_monsterinsights_sitenote_active":false,"_monsterinsights_sitenote_note":"","_monsterinsights_sitenote_category":0,"footnotes":""},"categories":[33,70,69,19],"tags":[54,3429,3486,3508,61,4262],"class_list":["post-33293","post","type-post","status-publish","format-standard","has-post-thumbnail","hentry","category-bahia","category-destaques","category-noticias2","category-saude","tag-bahia","tag-coronavirus","tag-covid-19","tag-fabio-vilas-boas","tag-saude","tag-secretario-de-saude-2"],"aioseo_notices":[],"_links":{"self":[{"href":"https:\/\/www.portalalerta.com.br\/index.php\/wp-json\/wp\/v2\/posts\/33293","targetHints":{"allow":["GET"]}}],"collection":[{"href":"https:\/\/www.portalalerta.com.br\/index.php\/wp-json\/wp\/v2\/posts"}],"about":[{"href":"https:\/\/www.portalalerta.com.br\/index.php\/wp-json\/wp\/v2\/types\/post"}],"author":[{"embeddable":true,"href":"https:\/\/www.portalalerta.com.br\/index.php\/wp-json\/wp\/v2\/users\/2"}],"replies":[{"embeddable":true,"href":"https:\/\/www.portalalerta.com.br\/index.php\/wp-json\/wp\/v2\/comments?post=33293"}],"version-history":[{"count":1,"href":"https:\/\/www.portalalerta.com.br\/index.php\/wp-json\/wp\/v2\/posts\/33293\/revisions"}],"predecessor-version":[{"id":33298,"href":"https:\/\/www.portalalerta.com.br\/index.php\/wp-json\/wp\/v2\/posts\/33293\/revisions\/33298"}],"wp:featuredmedia":[{"embeddable":true,"href":"https:\/\/www.portalalerta.com.br\/index.php\/wp-json\/wp\/v2\/media\/33297"}],"wp:attachment":[{"href":"https:\/\/www.portalalerta.com.br\/index.php\/wp-json\/wp\/v2\/media?parent=33293"}],"wp:term":[{"taxonomy":"category","embeddable":true,"href":"https:\/\/www.portalalerta.com.br\/index.php\/wp-json\/wp\/v2\/categories?post=33293"},{"taxonomy":"post_tag","embeddable":true,"href":"https:\/\/www.portalalerta.com.br\/index.php\/wp-json\/wp\/v2\/tags?post=33293"}],"curies":[{"name":"wp","href":"https:\/\/api.w.org\/{rel}","templated":true}]}}