{"id":33300,"date":"2021-02-28T18:00:00","date_gmt":"2021-02-28T21:00:00","guid":{"rendered":"https:\/\/www.portalalerta.com.br\/?p=33300"},"modified":"2021-02-28T17:48:07","modified_gmt":"2021-02-28T20:48:07","slug":"aras-diz-ao-stf-que-r-12-bi-da-lava-jato-que-poderia-pagar-vacinas-esta-parado-no-banco","status":"publish","type":"post","link":"https:\/\/www.portalalerta.com.br\/index.php\/2021\/02\/28\/aras-diz-ao-stf-que-r-12-bi-da-lava-jato-que-poderia-pagar-vacinas-esta-parado-no-banco\/","title":{"rendered":"Aras diz ao STF que R$ 1,2 bi da Lava Jato que poderia pagar vacinas est\u00e1 parado no banco"},"content":{"rendered":"\n<p>O procurador-geral da Rep\u00fablica, Augusto Aras, enviou of\u00edcio ao ministro Ricardo Lewandowski, do STF (Supremo Tribunal Federal) afirmando que h\u00e1 hoje R$ 1,2 bilh\u00e3o em contas banc\u00e1rias provenientes de &#8220;recupera\u00e7\u00e3o financeira decorrentes de opera\u00e7\u00f5es como a Lava Jato&#8221;.<\/p>\n\n\n\n<!--more-->\n\n\n\n<p>O magistrado avalia pedido da OAB (Ordem dos Advogados do Brasil) para que os recursos das opera\u00e7\u00f5es sejam destinados \u00e0 compra de vacinas contra a Covid-19.<\/p>\n\n\n\n<p>De acordo com Aras, R$ 696,1 milh\u00f5es est\u00e3o em contas judiciais e t\u00eam origem em acordos feitos pela for\u00e7a-tarefa da Lava Jato em Curitiba.<\/p>\n\n\n\n<div class=\"wp-block-image\"><figure class=\"alignleft size-large is-resized\"><img fetchpriority=\"high\" decoding=\"async\" src=\"https:\/\/www.portalalerta.com.br\/wp-content\/uploads\/2018\/07\/05elab.jpg\" alt=\"\" class=\"wp-image-9394\" width=\"294\" height=\"221\" srcset=\"https:\/\/www.portalalerta.com.br\/wp-content\/uploads\/2018\/07\/05elab.jpg 400w, https:\/\/www.portalalerta.com.br\/wp-content\/uploads\/2018\/07\/05elab-320x240.jpg 320w, https:\/\/www.portalalerta.com.br\/wp-content\/uploads\/2018\/07\/05elab-195x146.jpg 195w, https:\/\/www.portalalerta.com.br\/wp-content\/uploads\/2018\/07\/05elab-50x38.jpg 50w, https:\/\/www.portalalerta.com.br\/wp-content\/uploads\/2018\/07\/05elab-100x75.jpg 100w\" sizes=\"(max-width: 294px) 100vw, 294px\" \/><\/figure><\/div>\n\n\n\n<p>Outros R$ 552,5 milh\u00f5es s\u00e3o da Lava Jato do Rio de Janeiro.<\/p>\n\n\n\n<p>Aras anexou em seu of\u00edcio documentos que mostram tamb\u00e9m que os recursos do Paran\u00e1 foram destinados, no ano passado, para a\u00e7\u00f5es de combate \u00e0 Covid-19.<\/p>\n\n\n\n<p>A decis\u00e3o foi da ju\u00edza Gabriela Hardt, que ocupou temporariamente a 13\u00aa Vara Federal de Curitiba.<\/p>\n\n\n\n<p>O governo de Jair Bolsonaro, no entanto, contestou a decis\u00e3o da magistrada.<\/p>\n\n\n\n<p>A AGU (Advocacia-Geral da Uni\u00e3o) foi ao STF para questionar a iniciativa de Hardt, argumentando que n\u00e3o cabe \u00e0 Justi\u00e7a dizer onde os recursos t\u00eam que ser aplicados.<\/p>\n\n\n\n<p>Com isso, o dinheiro segue parado nas contas banc\u00e1rias, esperando a defini\u00e7\u00e3o de onde podem ser aplicados.<\/p>\n\n\n\n<p><em>Fonte: Yahoo Not\u00edcias<\/em><\/p>\n","protected":false},"excerpt":{"rendered":"<p>O procurador-geral da Rep\u00fablica, Augusto Aras, enviou of\u00edcio ao ministro Ricardo Lewandowski, do STF (Supremo Tribunal Federal) afirmando que h\u00e1 hoje R$ 1,2 bilh\u00e3o em contas banc\u00e1rias provenientes de &#8220;recupera\u00e7\u00e3o financeira decorrentes de opera\u00e7\u00f5es como a Lava Jato&#8221;.<\/p>\n","protected":false},"author":2,"featured_media":22222,"comment_status":"open","ping_status":"open","sticky":false,"template":"","format":"standard","meta":{"om_disable_all_campaigns":false,"_monsterinsights_skip_tracking":false,"_monsterinsights_sitenote_active":false,"_monsterinsights_sitenote_note":"","_monsterinsights_sitenote_category":0,"footnotes":""},"categories":[34,70,69,21,19],"tags":[3099,93,3429,3486,247,3234,411,216,3570,371],"class_list":["post-33300","post","type-post","status-publish","format-standard","has-post-thumbnail","hentry","category-brasil","category-destaques","category-noticias2","category-politica","category-saude","tag-augusto-aras","tag-brasil","tag-coronavirus","tag-covid-19","tag-lava-jato","tag-operacao-lava-jato","tag-pgr","tag-stf","tag-vacina","tag-vacinacao"],"aioseo_notices":[],"_links":{"self":[{"href":"https:\/\/www.portalalerta.com.br\/index.php\/wp-json\/wp\/v2\/posts\/33300","targetHints":{"allow":["GET"]}}],"collection":[{"href":"https:\/\/www.portalalerta.com.br\/index.php\/wp-json\/wp\/v2\/posts"}],"about":[{"href":"https:\/\/www.portalalerta.com.br\/index.php\/wp-json\/wp\/v2\/types\/post"}],"author":[{"embeddable":true,"href":"https:\/\/www.portalalerta.com.br\/index.php\/wp-json\/wp\/v2\/users\/2"}],"replies":[{"embeddable":true,"href":"https:\/\/www.portalalerta.com.br\/index.php\/wp-json\/wp\/v2\/comments?post=33300"}],"version-history":[{"count":2,"href":"https:\/\/www.portalalerta.com.br\/index.php\/wp-json\/wp\/v2\/posts\/33300\/revisions"}],"predecessor-version":[{"id":33315,"href":"https:\/\/www.portalalerta.com.br\/index.php\/wp-json\/wp\/v2\/posts\/33300\/revisions\/33315"}],"wp:featuredmedia":[{"embeddable":true,"href":"https:\/\/www.portalalerta.com.br\/index.php\/wp-json\/wp\/v2\/media\/22222"}],"wp:attachment":[{"href":"https:\/\/www.portalalerta.com.br\/index.php\/wp-json\/wp\/v2\/media?parent=33300"}],"wp:term":[{"taxonomy":"category","embeddable":true,"href":"https:\/\/www.portalalerta.com.br\/index.php\/wp-json\/wp\/v2\/categories?post=33300"},{"taxonomy":"post_tag","embeddable":true,"href":"https:\/\/www.portalalerta.com.br\/index.php\/wp-json\/wp\/v2\/tags?post=33300"}],"curies":[{"name":"wp","href":"https:\/\/api.w.org\/{rel}","templated":true}]}}