{"id":33302,"date":"2021-02-28T18:02:00","date_gmt":"2021-02-28T21:02:00","guid":{"rendered":"https:\/\/www.portalalerta.com.br\/?p=33302"},"modified":"2021-02-28T17:50:52","modified_gmt":"2021-02-28T20:50:52","slug":"decreto-que-proibe-aulas-presenciais-na-bahia-e-prorrogado-ate-14-de-marco","status":"publish","type":"post","link":"https:\/\/www.portalalerta.com.br\/index.php\/2021\/02\/28\/decreto-que-proibe-aulas-presenciais-na-bahia-e-prorrogado-ate-14-de-marco\/","title":{"rendered":"Decreto que pro\u00edbe aulas presenciais na Bahia \u00e9 prorrogado at\u00e9 14 de mar\u00e7o"},"content":{"rendered":"\n<p><br>O Governo do Estado decidiu prorrogar o decreto que suspende as aulas presenciais nas unidades de ensino das redes p\u00fablica e privada em toda a Bahia, conforme publica\u00e7\u00e3o no Di\u00e1rio Oficial do Estado (DOE) deste s\u00e1bado (27). O decreto, que venceria no pr\u00f3ximo domingo (28), passa a valer at\u00e9 14 de mar\u00e7o de 2021.<\/p>\n\n\n\n<!--more-->\n\n\n\n<div class=\"wp-block-image\"><figure class=\"aligncenter size-large\"><img decoding=\"async\" src=\"https:\/\/www.portalalerta.com.br\/wp-content\/uploads\/2021\/01\/Moda-Ver\u00e3o-Real-Cal\u00e7ados-2021.jpeg\" alt=\"\" class=\"wp-image-31690\"\/><\/figure><\/div>\n\n\n\n<p>Na decis\u00e3o, tamb\u00e9m consta a suspens\u00e3o do recadastramento de servidores inativos e pensionistas que fazem anivers\u00e1rio nos meses de janeiro, fevereiro e mar\u00e7o. De acordo com o governo, a medida tem como objetivo preservar idosos e pessoas em grupos de risco, mais vulner\u00e1veis ao novo coronav\u00edrus, evitando o deslocamento a uma unidade da Rede SAC para validar seus dados cadastrais junto \u00e0 Previd\u00eancia Estadual.<\/p>\n\n\n\n<p><em>Fonte: Metro1<\/em><\/p>\n","protected":false},"excerpt":{"rendered":"<p>O Governo do Estado decidiu prorrogar o decreto que suspende as aulas presenciais nas unidades de ensino das redes p\u00fablica e privada em toda a Bahia, conforme publica\u00e7\u00e3o no Di\u00e1rio Oficial do Estado (DOE) deste s\u00e1bado (27). O decreto, que venceria no pr\u00f3ximo domingo (28), passa a valer at\u00e9 14 de mar\u00e7o de 2021.<\/p>\n","protected":false},"author":2,"featured_media":3358,"comment_status":"open","ping_status":"open","sticky":false,"template":"","format":"standard","meta":{"om_disable_all_campaigns":false,"_monsterinsights_skip_tracking":false,"_monsterinsights_sitenote_active":false,"_monsterinsights_sitenote_note":"","_monsterinsights_sitenote_category":0,"footnotes":""},"categories":[33,70,20,69,21,19],"tags":[100,71,48,1154,4179,75,4178,3429,3486,4180,3503,129,107,283,4181,132,230,3828,106,203,120,51,109,88,47,282,61,111,190,1424],"class_list":["post-33302","post","type-post","status-publish","format-standard","has-post-thumbnail","hentry","category-bahia","category-destaques","category-educacao","category-noticias2","category-politica","category-saude","tag-adustina","tag-antas","tag-araci","tag-aulas","tag-banzae-2","tag-cicero-dantas","tag-cipo-2","tag-coronavirus","tag-covid-19","tag-crisopolis-2","tag-decreto-estadual","tag-euclides-da-cunha","tag-fatima","tag-governador","tag-heliopolis-2","tag-itapicuru","tag-jeremoabo","tag-noticias","tag-nova-soure","tag-novo-triunfo","tag-olindina","tag-paripiranga","tag-quijingue","tag-ribeira-do-amparo","tag-ribeira-do-pombal","tag-rui-costa","tag-saude","tag-sitio-do-quinto","tag-tucano","tag-volta-as-aulas"],"aioseo_notices":[],"_links":{"self":[{"href":"https:\/\/www.portalalerta.com.br\/index.php\/wp-json\/wp\/v2\/posts\/33302","targetHints":{"allow":["GET"]}}],"collection":[{"href":"https:\/\/www.portalalerta.com.br\/index.php\/wp-json\/wp\/v2\/posts"}],"about":[{"href":"https:\/\/www.portalalerta.com.br\/index.php\/wp-json\/wp\/v2\/types\/post"}],"author":[{"embeddable":true,"href":"https:\/\/www.portalalerta.com.br\/index.php\/wp-json\/wp\/v2\/users\/2"}],"replies":[{"embeddable":true,"href":"https:\/\/www.portalalerta.com.br\/index.php\/wp-json\/wp\/v2\/comments?post=33302"}],"version-history":[{"count":2,"href":"https:\/\/www.portalalerta.com.br\/index.php\/wp-json\/wp\/v2\/posts\/33302\/revisions"}],"predecessor-version":[{"id":33318,"href":"https:\/\/www.portalalerta.com.br\/index.php\/wp-json\/wp\/v2\/posts\/33302\/revisions\/33318"}],"wp:featuredmedia":[{"embeddable":true,"href":"https:\/\/www.portalalerta.com.br\/index.php\/wp-json\/wp\/v2\/media\/3358"}],"wp:attachment":[{"href":"https:\/\/www.portalalerta.com.br\/index.php\/wp-json\/wp\/v2\/media?parent=33302"}],"wp:term":[{"taxonomy":"category","embeddable":true,"href":"https:\/\/www.portalalerta.com.br\/index.php\/wp-json\/wp\/v2\/categories?post=33302"},{"taxonomy":"post_tag","embeddable":true,"href":"https:\/\/www.portalalerta.com.br\/index.php\/wp-json\/wp\/v2\/tags?post=33302"}],"curies":[{"name":"wp","href":"https:\/\/api.w.org\/{rel}","templated":true}]}}