{"id":33303,"date":"2021-02-28T18:03:00","date_gmt":"2021-02-28T21:03:00","guid":{"rendered":"https:\/\/www.portalalerta.com.br\/?p=33303"},"modified":"2021-02-28T17:52:58","modified_gmt":"2021-02-28T20:52:58","slug":"recompensa-de-caminhao-furtado-em-tucano-aumenta-para-r40-00000","status":"publish","type":"post","link":"https:\/\/www.portalalerta.com.br\/index.php\/2021\/02\/28\/recompensa-de-caminhao-furtado-em-tucano-aumenta-para-r40-00000\/","title":{"rendered":"Recompensa de caminh\u00e3o furtado em Tucano aumenta para R$40.000,00."},"content":{"rendered":"\n<p>O tucanense Elielson Santana Santos teve o seu caminh\u00e3o furtado na madrugada de quarta-feira (24), no munic\u00edpio de Tucano-BA. O ve\u00edculo estava estacionado na porta da resid\u00eancia do motorista, no bairro Nova Esperan\u00e7a.<\/p>\n\n\n\n<!--more-->\n\n\n\n<p>O caminh\u00e3o \u00e9 um Volkswagen modelo Bob Esponja 24250, cor branca, placa MWO2F32. Segundo informa\u00e7\u00f5es do propriet\u00e1rio, na lameira e na porta tem a marca de uma empresa chamada JSS Constru\u00e7\u00f5es. Ele est\u00e1 oferecendo uma recompensa de 40 mil reais para quem informar o paradeiro do ve\u00edculo.<\/p>\n\n\n\n<div data-mvc-banner=\"leaderboard\"><\/div><script type=\"text\/javascript\"> (function(storeName) { var b = document.createElement('script'); b.type = 'text\/javascript'; b.async = true; b.src = 'https:\/\/www.magazinevoce.com.br\/js\/banner.js?store='+ storeName; var s = document.getElementsByTagName('script')[0]; s.parentNode.insertBefore(b, s); })('Nvscosta'); <\/script>\n\n\n\n<p>Ainda segundo informa\u00e7\u00f5es do propriet\u00e1rio, o caminh\u00e3o foi visto pela \u00faltima vez em Feira de Santana e Santo Ant\u00f4nio de Jesus. Quem tiver alguma pista ou informa\u00e7\u00e3o pode entrar em contato com os contatos abaixo:<\/p>\n\n\n\n<p>75 99963-2818 (Elielson \u2013 WhatsApp)<br>75 99915-5228 (Pai do propriet\u00e1rio \u2013 WhatsApp)<\/p>\n\n\n\n<p><em>Fonte: Fique Por Dentro Agora<\/em><\/p>\n","protected":false},"excerpt":{"rendered":"<p>O tucanense Elielson Santana Santos teve o seu caminh\u00e3o furtado na madrugada de quarta-feira (24), no munic\u00edpio de Tucano-BA. O ve\u00edculo estava estacionado na porta da resid\u00eancia do motorista, no bairro Nova Esperan\u00e7a.<\/p>\n","protected":false},"author":2,"featured_media":33307,"comment_status":"open","ping_status":"open","sticky":false,"template":"","format":"standard","meta":{"om_disable_all_campaigns":false,"_monsterinsights_skip_tracking":false,"_monsterinsights_sitenote_active":false,"_monsterinsights_sitenote_note":"","_monsterinsights_sitenote_category":0,"footnotes":""},"categories":[70,69,32,22,12],"tags":[4279,1195,190],"class_list":["post-33303","post","type-post","status-publish","format-standard","has-post-thumbnail","hentry","category-destaques","category-noticias2","category-regiao","category-seguranca","category-tucano","tag-recompensa","tag-roubo-de-caminhao","tag-tucano"],"aioseo_notices":[],"_links":{"self":[{"href":"https:\/\/www.portalalerta.com.br\/index.php\/wp-json\/wp\/v2\/posts\/33303","targetHints":{"allow":["GET"]}}],"collection":[{"href":"https:\/\/www.portalalerta.com.br\/index.php\/wp-json\/wp\/v2\/posts"}],"about":[{"href":"https:\/\/www.portalalerta.com.br\/index.php\/wp-json\/wp\/v2\/types\/post"}],"author":[{"embeddable":true,"href":"https:\/\/www.portalalerta.com.br\/index.php\/wp-json\/wp\/v2\/users\/2"}],"replies":[{"embeddable":true,"href":"https:\/\/www.portalalerta.com.br\/index.php\/wp-json\/wp\/v2\/comments?post=33303"}],"version-history":[{"count":2,"href":"https:\/\/www.portalalerta.com.br\/index.php\/wp-json\/wp\/v2\/posts\/33303\/revisions"}],"predecessor-version":[{"id":33320,"href":"https:\/\/www.portalalerta.com.br\/index.php\/wp-json\/wp\/v2\/posts\/33303\/revisions\/33320"}],"wp:featuredmedia":[{"embeddable":true,"href":"https:\/\/www.portalalerta.com.br\/index.php\/wp-json\/wp\/v2\/media\/33307"}],"wp:attachment":[{"href":"https:\/\/www.portalalerta.com.br\/index.php\/wp-json\/wp\/v2\/media?parent=33303"}],"wp:term":[{"taxonomy":"category","embeddable":true,"href":"https:\/\/www.portalalerta.com.br\/index.php\/wp-json\/wp\/v2\/categories?post=33303"},{"taxonomy":"post_tag","embeddable":true,"href":"https:\/\/www.portalalerta.com.br\/index.php\/wp-json\/wp\/v2\/tags?post=33303"}],"curies":[{"name":"wp","href":"https:\/\/api.w.org\/{rel}","templated":true}]}}