{"id":33325,"date":"2021-02-28T20:21:11","date_gmt":"2021-02-28T23:21:11","guid":{"rendered":"https:\/\/www.portalalerta.com.br\/?p=33325"},"modified":"2021-02-28T20:21:12","modified_gmt":"2021-02-28T23:21:12","slug":"planos-de-saude-operadoras-terao-de-explicar-ao-governo-reajuste-de-precos","status":"publish","type":"post","link":"https:\/\/www.portalalerta.com.br\/index.php\/2021\/02\/28\/planos-de-saude-operadoras-terao-de-explicar-ao-governo-reajuste-de-precos\/","title":{"rendered":"Planos de sa\u00fade: operadoras ter\u00e3o de explicar ao governo reajuste de pre\u00e7os"},"content":{"rendered":"\n<p>O \u00f3rg\u00e3o do Minist\u00e9rio da Justi\u00e7a notificou as empresas operadoras de planos de sa\u00fade para dar explica\u00e7\u00f5es, ao Departamento de Prote\u00e7\u00e3o e Defesa do Consumidor (DPDC), sobre os reajustes aplicados durante a pandemia.&nbsp;<\/p>\n\n\n\n<!--more-->\n\n\n\n<div class=\"wp-block-image\"><figure class=\"aligncenter size-large\"><img fetchpriority=\"high\" decoding=\"async\" width=\"720\" height=\"181\" src=\"https:\/\/www.portalalerta.com.br\/wp-content\/uploads\/2018\/02\/Auto-Escola-Nobre.jpg\" alt=\"\" class=\"wp-image-4869\" srcset=\"https:\/\/www.portalalerta.com.br\/wp-content\/uploads\/2018\/02\/Auto-Escola-Nobre.jpg 720w, https:\/\/www.portalalerta.com.br\/wp-content\/uploads\/2018\/02\/Auto-Escola-Nobre-260x65.jpg 260w, https:\/\/www.portalalerta.com.br\/wp-content\/uploads\/2018\/02\/Auto-Escola-Nobre-50x13.jpg 50w, https:\/\/www.portalalerta.com.br\/wp-content\/uploads\/2018\/02\/Auto-Escola-Nobre-150x38.jpg 150w\" sizes=\"(max-width: 720px) 100vw, 720px\" \/><\/figure><\/div>\n\n\n\n<p>Poss\u00edveis distor\u00e7\u00f5es nos pre\u00e7os dos planos levaram consumidores mais vulner\u00e1veis, e sem meios de negociar com as empresas, a enfrentarem aumentos maiores que os registrados nos grandes contratos. &nbsp;<\/p>\n\n\n\n<p>O objetivo da a\u00e7\u00e3o \u00e9 equacionar problemas de cerca de 20 milh\u00f5es de contratos que tiveram aumento suspenso no ano passado e, agora, t\u00eam de pagar n\u00e3o apenas o novo \u00edndice, mas tamb\u00e9m a recomposi\u00e7\u00e3o do valor que deixou de ser cobrado.<\/p>\n\n\n\n<p><em>Fonte: Metro1<\/em><\/p>\n","protected":false},"excerpt":{"rendered":"<p>O \u00f3rg\u00e3o do Minist\u00e9rio da Justi\u00e7a notificou as empresas operadoras de planos de sa\u00fade para dar explica\u00e7\u00f5es, ao Departamento de Prote\u00e7\u00e3o e Defesa do Consumidor (DPDC), sobre os reajustes aplicados durante a pandemia.&nbsp;<\/p>\n","protected":false},"author":2,"featured_media":25066,"comment_status":"open","ping_status":"open","sticky":false,"template":"","format":"standard","meta":{"om_disable_all_campaigns":false,"_monsterinsights_skip_tracking":false,"_monsterinsights_sitenote_active":false,"_monsterinsights_sitenote_note":"","_monsterinsights_sitenote_category":0,"footnotes":""},"categories":[34,70,69],"tags":[93,403,401],"class_list":["post-33325","post","type-post","status-publish","format-standard","has-post-thumbnail","hentry","category-brasil","category-destaques","category-noticias2","tag-brasil","tag-planos-de-saude","tag-reajuste-de-precos"],"aioseo_notices":[],"_links":{"self":[{"href":"https:\/\/www.portalalerta.com.br\/index.php\/wp-json\/wp\/v2\/posts\/33325","targetHints":{"allow":["GET"]}}],"collection":[{"href":"https:\/\/www.portalalerta.com.br\/index.php\/wp-json\/wp\/v2\/posts"}],"about":[{"href":"https:\/\/www.portalalerta.com.br\/index.php\/wp-json\/wp\/v2\/types\/post"}],"author":[{"embeddable":true,"href":"https:\/\/www.portalalerta.com.br\/index.php\/wp-json\/wp\/v2\/users\/2"}],"replies":[{"embeddable":true,"href":"https:\/\/www.portalalerta.com.br\/index.php\/wp-json\/wp\/v2\/comments?post=33325"}],"version-history":[{"count":1,"href":"https:\/\/www.portalalerta.com.br\/index.php\/wp-json\/wp\/v2\/posts\/33325\/revisions"}],"predecessor-version":[{"id":33327,"href":"https:\/\/www.portalalerta.com.br\/index.php\/wp-json\/wp\/v2\/posts\/33325\/revisions\/33327"}],"wp:featuredmedia":[{"embeddable":true,"href":"https:\/\/www.portalalerta.com.br\/index.php\/wp-json\/wp\/v2\/media\/25066"}],"wp:attachment":[{"href":"https:\/\/www.portalalerta.com.br\/index.php\/wp-json\/wp\/v2\/media?parent=33325"}],"wp:term":[{"taxonomy":"category","embeddable":true,"href":"https:\/\/www.portalalerta.com.br\/index.php\/wp-json\/wp\/v2\/categories?post=33325"},{"taxonomy":"post_tag","embeddable":true,"href":"https:\/\/www.portalalerta.com.br\/index.php\/wp-json\/wp\/v2\/tags?post=33325"}],"curies":[{"name":"wp","href":"https:\/\/api.w.org\/{rel}","templated":true}]}}