{"id":33326,"date":"2021-02-28T20:45:46","date_gmt":"2021-02-28T23:45:46","guid":{"rendered":"https:\/\/www.portalalerta.com.br\/?p=33326"},"modified":"2021-02-28T20:47:40","modified_gmt":"2021-02-28T23:47:40","slug":"passagens-de-comando-serao-realizadas-nesta-segunda-feira-em-ribeira-do-pombal-e-cipo","status":"publish","type":"post","link":"https:\/\/www.portalalerta.com.br\/index.php\/2021\/02\/28\/passagens-de-comando-serao-realizadas-nesta-segunda-feira-em-ribeira-do-pombal-e-cipo\/","title":{"rendered":"Passagens de Comando da PM ser\u00e3o realizadas nesta segunda-feira, em Ribeira do Pombal e Cip\u00f3"},"content":{"rendered":"\n<p>Nesta segunda-feira (1\u00ba), ser\u00e3o realizadas as passagens de comando, das Companhias Independentes da Pol\u00edcia Militar, sediadas na regi\u00e3o.<\/p>\n\n\n\n<!--more-->\n\n\n\n<div class=\"wp-block-image\"><figure class=\"aligncenter size-large\"><img decoding=\"async\" src=\"https:\/\/www.portalalerta.com.br\/wp-content\/uploads\/2021\/01\/Moda-Ver\u00e3o-Real-Cal\u00e7ados-2021.jpeg\" alt=\"\" class=\"wp-image-31690\"\/><\/figure><\/div>\n\n\n\n<p>Em Ribeira do Pombal-BA, onde est\u00e1 sediada a Companhia Independente de Policiamento Especializado da Regi\u00e3o Nordeste (CIPE Nordeste), o Major PM Wellington Morais dos Santos ir\u00e1 passar o comando para o Major PM Marcos Davi Santos Pinto. O evento est\u00e1 previsto para iniciar \u00e0s 09:00hs, sendo restrito a convidados, em respeito as normas de combate ao Coronav\u00edrus.<\/p>\n\n\n\n<div class=\"wp-block-image\"><figure class=\"aligncenter size-large\"><img fetchpriority=\"high\" decoding=\"async\" width=\"500\" height=\"400\" src=\"https:\/\/www.portalalerta.com.br\/wp-content\/uploads\/2021\/02\/Major-Wellington-e-Maj-Marcos-Davi.jpg\" alt=\"\" class=\"wp-image-33209\" srcset=\"https:\/\/www.portalalerta.com.br\/wp-content\/uploads\/2021\/02\/Major-Wellington-e-Maj-Marcos-Davi.jpg 500w, https:\/\/www.portalalerta.com.br\/wp-content\/uploads\/2021\/02\/Major-Wellington-e-Maj-Marcos-Davi-300x240.jpg 300w, https:\/\/www.portalalerta.com.br\/wp-content\/uploads\/2021\/02\/Major-Wellington-e-Maj-Marcos-Davi-183x146.jpg 183w, https:\/\/www.portalalerta.com.br\/wp-content\/uploads\/2021\/02\/Major-Wellington-e-Maj-Marcos-Davi-50x40.jpg 50w, https:\/\/www.portalalerta.com.br\/wp-content\/uploads\/2021\/02\/Major-Wellington-e-Maj-Marcos-Davi-94x75.jpg 94w\" sizes=\"(max-width: 500px) 100vw, 500px\" \/><figcaption>Maj Wellington (esquerda), e Maj Marcos Davi (direita)<\/figcaption><\/figure><\/div>\n\n\n\n<p>J\u00e1 em Cip\u00f3-BA, acontecer\u00e1 a passagem de comando da 21\u00aa CIPM, onde o Major PM Dequex Ara\u00fajo Silva Junior, ir\u00e1 passar o cargo para o Major PM Jos\u00e9 Lu\u00eds da Silva Lima. O evento est\u00e1 previsto para acontecer \u00e0s 15:00hs , e por conta da pandemia do Coronav\u00edrus, tamb\u00e9m ser\u00e1 restrito \u00e0 convidados.<\/p>\n\n\n\n<div class=\"wp-block-image\"><figure class=\"aligncenter size-large\"><img decoding=\"async\" width=\"500\" height=\"400\" src=\"https:\/\/www.portalalerta.com.br\/wp-content\/uploads\/2021\/02\/Maj-Dequex-e-Maj-Jose-Luis.jpg\" alt=\"\" class=\"wp-image-33208\" srcset=\"https:\/\/www.portalalerta.com.br\/wp-content\/uploads\/2021\/02\/Maj-Dequex-e-Maj-Jose-Luis.jpg 500w, https:\/\/www.portalalerta.com.br\/wp-content\/uploads\/2021\/02\/Maj-Dequex-e-Maj-Jose-Luis-300x240.jpg 300w, https:\/\/www.portalalerta.com.br\/wp-content\/uploads\/2021\/02\/Maj-Dequex-e-Maj-Jose-Luis-183x146.jpg 183w, https:\/\/www.portalalerta.com.br\/wp-content\/uploads\/2021\/02\/Maj-Dequex-e-Maj-Jose-Luis-50x40.jpg 50w, https:\/\/www.portalalerta.com.br\/wp-content\/uploads\/2021\/02\/Maj-Dequex-e-Maj-Jose-Luis-94x75.jpg 94w\" sizes=\"(max-width: 500px) 100vw, 500px\" \/><figcaption>Major Dequex (Esquerda), e Major Jos\u00e9 Lu\u00eds (Direita)<\/figcaption><\/figure><\/div>\n\n\n\n<p><em>Reda\u00e7\u00e3o: Portal Alerta<\/em><\/p>\n\n\n\n<p><strong><em>#fiqueemcasa<\/em><\/strong><\/p>\n\n\n\n<p><strong><em>#usemascaras<\/em><\/strong><\/p>\n","protected":false},"excerpt":{"rendered":"<p>Nesta segunda-feira (1\u00ba), ser\u00e3o realizadas as passagens de comando, das Companhias Independentes da Pol\u00edcia Militar, sediadas na regi\u00e3o.<\/p>\n","protected":false},"author":2,"featured_media":30730,"comment_status":"open","ping_status":"open","sticky":false,"template":"","format":"standard","meta":{"om_disable_all_campaigns":false,"_monsterinsights_skip_tracking":false,"_monsterinsights_sitenote_active":false,"_monsterinsights_sitenote_note":"","_monsterinsights_sitenote_category":0,"footnotes":""},"categories":[13,70,69,32,3,22],"tags":[182,167,45,4281,79,47],"class_list":["post-33326","post","type-post","status-publish","format-standard","has-post-thumbnail","hentry","category-cipo","category-destaques","category-noticias2","category-regiao","category-ribeira-do-pombal","category-seguranca","tag-21a-cipm","tag-cipe-nordeste","tag-cipo","tag-passagem-de-comando","tag-policia-militar","tag-ribeira-do-pombal"],"aioseo_notices":[],"_links":{"self":[{"href":"https:\/\/www.portalalerta.com.br\/index.php\/wp-json\/wp\/v2\/posts\/33326","targetHints":{"allow":["GET"]}}],"collection":[{"href":"https:\/\/www.portalalerta.com.br\/index.php\/wp-json\/wp\/v2\/posts"}],"about":[{"href":"https:\/\/www.portalalerta.com.br\/index.php\/wp-json\/wp\/v2\/types\/post"}],"author":[{"embeddable":true,"href":"https:\/\/www.portalalerta.com.br\/index.php\/wp-json\/wp\/v2\/users\/2"}],"replies":[{"embeddable":true,"href":"https:\/\/www.portalalerta.com.br\/index.php\/wp-json\/wp\/v2\/comments?post=33326"}],"version-history":[{"count":2,"href":"https:\/\/www.portalalerta.com.br\/index.php\/wp-json\/wp\/v2\/posts\/33326\/revisions"}],"predecessor-version":[{"id":33329,"href":"https:\/\/www.portalalerta.com.br\/index.php\/wp-json\/wp\/v2\/posts\/33326\/revisions\/33329"}],"wp:featuredmedia":[{"embeddable":true,"href":"https:\/\/www.portalalerta.com.br\/index.php\/wp-json\/wp\/v2\/media\/30730"}],"wp:attachment":[{"href":"https:\/\/www.portalalerta.com.br\/index.php\/wp-json\/wp\/v2\/media?parent=33326"}],"wp:term":[{"taxonomy":"category","embeddable":true,"href":"https:\/\/www.portalalerta.com.br\/index.php\/wp-json\/wp\/v2\/categories?post=33326"},{"taxonomy":"post_tag","embeddable":true,"href":"https:\/\/www.portalalerta.com.br\/index.php\/wp-json\/wp\/v2\/tags?post=33326"}],"curies":[{"name":"wp","href":"https:\/\/api.w.org\/{rel}","templated":true}]}}