{"id":33331,"date":"2021-03-01T07:00:00","date_gmt":"2021-03-01T10:00:00","guid":{"rendered":"https:\/\/www.portalalerta.com.br\/?p=33331"},"modified":"2021-02-28T23:41:57","modified_gmt":"2021-03-01T02:41:57","slug":"bolsonaro-minimiza-falta-de-leitos-covid-saude-sempre-teve-problemas","status":"publish","type":"post","link":"https:\/\/www.portalalerta.com.br\/index.php\/2021\/03\/01\/bolsonaro-minimiza-falta-de-leitos-covid-saude-sempre-teve-problemas\/","title":{"rendered":"Bolsonaro minimiza falta de leitos covid: &#8216;Sa\u00fade sempre teve problemas&#8217;"},"content":{"rendered":"\n<p>Com recorde de mortos e a amea\u00e7a de colapso no sistema de sa\u00fade de diversos estados, o presidente Jair Bolsonaro minimizou, neste domingo (28), a falta de leitos no pa\u00eds, dizendo que &#8220;a sa\u00fade no Brasil sempre teve seus problemas&#8221;.<\/p>\n\n\n\n<!--more-->\n\n\n\n<p>&#8220;A sa\u00fade no Brasil sempre teve seus problemas. A falta de UTIs era um deles e certamente um dos piores&#8221;, escreveu em sua conta no Facebook, compartilhando uma reportagem do G1 de 2015 sobre falta de leitos no Brasil e questionando o que ocorreu naquele per\u00edodo.<\/p>\n\n\n\n<div data-mvc-banner=\"leaderboard\"><\/div><script type=\"text\/javascript\"> (function(storeName) { var b = document.createElement('script'); b.type = 'text\/javascript'; b.async = true; b.src = 'https:\/\/www.magazinevoce.com.br\/js\/banner.js?store='+ storeName; var s = document.getElementsByTagName('script')[0]; s.parentNode.insertBefore(b, s); })('Nvscosta'); <\/script>\n\n\n\n<p>Em seguida, o presidente acrescentou que &#8220;HOJE, ao FECHAREM O COM\u00c9RCIO e novamente te obrigar a FICAR EM CASA, vem o DESEMPREGO EM MASSA com consequ\u00eancias desastrosas para todo o Brasil&#8221;.<\/p>\n\n\n\n<p>Secret\u00e1rios de Sa\u00fade dos estados t\u00eam reclamado nas \u00faltimas semanas que o n\u00famero de leitos habilitados para a doen\u00e7a com custeio do governo federal vem caindo desde o fim do ano passado.<\/p>\n\n\n\n<p><em>Fonte: Metro1<\/em><\/p>\n","protected":false},"excerpt":{"rendered":"<p>Com recorde de mortos e a amea\u00e7a de colapso no sistema de sa\u00fade de diversos estados, o presidente Jair Bolsonaro minimizou, neste domingo (28), a falta de leitos no pa\u00eds, dizendo que &#8220;a sa\u00fade no Brasil sempre teve seus problemas&#8221;.<\/p>\n","protected":false},"author":2,"featured_media":27477,"comment_status":"open","ping_status":"open","sticky":false,"template":"","format":"standard","meta":{"om_disable_all_campaigns":false,"_monsterinsights_skip_tracking":false,"_monsterinsights_sitenote_active":false,"_monsterinsights_sitenote_note":"","_monsterinsights_sitenote_category":0,"footnotes":""},"categories":[34,70,69,21,19],"tags":[93,3429,3486,4244,1395,3585,1152,61,153],"class_list":["post-33331","post","type-post","status-publish","format-standard","has-post-thumbnail","hentry","category-brasil","category-destaques","category-noticias2","category-politica","category-saude","tag-brasil","tag-coronavirus","tag-covid-19","tag-covid19","tag-jair-bolsonaro","tag-leitos","tag-presidente-da-republica","tag-saude","tag-uti"],"aioseo_notices":[],"_links":{"self":[{"href":"https:\/\/www.portalalerta.com.br\/index.php\/wp-json\/wp\/v2\/posts\/33331","targetHints":{"allow":["GET"]}}],"collection":[{"href":"https:\/\/www.portalalerta.com.br\/index.php\/wp-json\/wp\/v2\/posts"}],"about":[{"href":"https:\/\/www.portalalerta.com.br\/index.php\/wp-json\/wp\/v2\/types\/post"}],"author":[{"embeddable":true,"href":"https:\/\/www.portalalerta.com.br\/index.php\/wp-json\/wp\/v2\/users\/2"}],"replies":[{"embeddable":true,"href":"https:\/\/www.portalalerta.com.br\/index.php\/wp-json\/wp\/v2\/comments?post=33331"}],"version-history":[{"count":1,"href":"https:\/\/www.portalalerta.com.br\/index.php\/wp-json\/wp\/v2\/posts\/33331\/revisions"}],"predecessor-version":[{"id":33335,"href":"https:\/\/www.portalalerta.com.br\/index.php\/wp-json\/wp\/v2\/posts\/33331\/revisions\/33335"}],"wp:featuredmedia":[{"embeddable":true,"href":"https:\/\/www.portalalerta.com.br\/index.php\/wp-json\/wp\/v2\/media\/27477"}],"wp:attachment":[{"href":"https:\/\/www.portalalerta.com.br\/index.php\/wp-json\/wp\/v2\/media?parent=33331"}],"wp:term":[{"taxonomy":"category","embeddable":true,"href":"https:\/\/www.portalalerta.com.br\/index.php\/wp-json\/wp\/v2\/categories?post=33331"},{"taxonomy":"post_tag","embeddable":true,"href":"https:\/\/www.portalalerta.com.br\/index.php\/wp-json\/wp\/v2\/tags?post=33331"}],"curies":[{"name":"wp","href":"https:\/\/api.w.org\/{rel}","templated":true}]}}