{"id":33332,"date":"2021-03-01T07:01:00","date_gmt":"2021-03-01T10:01:00","guid":{"rendered":"https:\/\/www.portalalerta.com.br\/?p=33332"},"modified":"2021-02-28T23:51:24","modified_gmt":"2021-03-01T02:51:24","slug":"policia-autua-dois-proprietarios-de-bares-por-descumprirem-decretos-em-euclides-da-cunha-ba","status":"publish","type":"post","link":"https:\/\/www.portalalerta.com.br\/index.php\/2021\/03\/01\/policia-autua-dois-proprietarios-de-bares-por-descumprirem-decretos-em-euclides-da-cunha-ba\/","title":{"rendered":"Pol\u00edcia autua dois propriet\u00e1rios de bares por descumprirem decretos, em Euclides da Cunha-BA"},"content":{"rendered":"\n<p>Desde a \u00faltima sexta-feira (26) com lockdown no estado baiano por for\u00e7a de Decreto de Lei em vig\u00eancia proibiu o funcionamento de bares e venda de bebidas alco\u00f3licas at\u00e9 \u00e0s 05:00hs desta segunda-feira (1\u00ba). O descumprimento das medidas pode resultar em imposi\u00e7\u00f5es a serem aplicadas pela autoridade policial. Euclides da Cunha-BA faz parte dos munic\u00edpios listados para cumprirem a norma estadual e, inclusive, imp\u00f4s novas restri\u00e7\u00f5es ao funcionamento do com\u00e9rcio local.<\/p>\n\n\n\n<!--more-->\n\n\n\n<div class=\"wp-block-image\"><figure class=\"alignleft size-large is-resized\"><img fetchpriority=\"high\" decoding=\"async\" src=\"https:\/\/www.portalalerta.com.br\/wp-content\/uploads\/2018\/07\/05elab.jpg\" alt=\"\" class=\"wp-image-9394\" width=\"332\" height=\"249\" srcset=\"https:\/\/www.portalalerta.com.br\/wp-content\/uploads\/2018\/07\/05elab.jpg 400w, https:\/\/www.portalalerta.com.br\/wp-content\/uploads\/2018\/07\/05elab-320x240.jpg 320w, https:\/\/www.portalalerta.com.br\/wp-content\/uploads\/2018\/07\/05elab-195x146.jpg 195w, https:\/\/www.portalalerta.com.br\/wp-content\/uploads\/2018\/07\/05elab-50x38.jpg 50w, https:\/\/www.portalalerta.com.br\/wp-content\/uploads\/2018\/07\/05elab-100x75.jpg 100w\" sizes=\"(max-width: 332px) 100vw, 332px\" \/><\/figure><\/div>\n\n\n\n<p>No povoado Serra Vermelha, dois comerciantes foram autuados ap\u00f3s infringir a medida sanit\u00e1ria preventiva que visa frear o avan\u00e7o do COVID-19. Os respectivos propriet\u00e1rios dos bares foram encaminhados para a 1\u00aa Delegacia Territorial da cidade.<\/p>\n\n\n\n<p>Na tarde desta sexta-feira (26), a Prefeitura de Euclides da Cunha publicou novo Decreto Municipal orientando o funcionamento do com\u00e9rcio e o tr\u00e2nsito de pessoas at\u00e9 as 05h do dia 01 de mar\u00e7o. As medidas adotadas para o munic\u00edpio seguem as determina\u00e7\u00f5es presentes no Decreto Estadual n\u00ba 20.254, publicado na \u00faltima quinta-feira.<\/p>\n\n\n\n<p><em>Fonte: Euclidesdacunha.com<\/em><\/p>\n","protected":false},"excerpt":{"rendered":"<p>Desde a \u00faltima sexta-feira (26) com lockdown no estado baiano por for\u00e7a de Decreto de Lei em vig\u00eancia proibiu o funcionamento de bares e venda de bebidas alco\u00f3licas at\u00e9 \u00e0s 05:00hs desta segunda-feira (1\u00ba). O descumprimento das medidas pode resultar em imposi\u00e7\u00f5es a serem aplicadas pela autoridade policial. Euclides da Cunha-BA faz parte dos munic\u00edpios &hellip;<\/p>\n","protected":false},"author":2,"featured_media":33336,"comment_status":"open","ping_status":"open","sticky":false,"template":"","format":"standard","meta":{"om_disable_all_campaigns":false,"_monsterinsights_skip_tracking":false,"_monsterinsights_sitenote_active":false,"_monsterinsights_sitenote_note":"","_monsterinsights_sitenote_category":0,"footnotes":""},"categories":[70,17,69,32,19,22],"tags":[1758,3429,3486,3503,2991,129,3627,104,229,61,3504],"class_list":["post-33332","post","type-post","status-publish","format-standard","has-post-thumbnail","hentry","category-destaques","category-euclides-da-cunha","category-noticias2","category-regiao","category-saude","category-seguranca","tag-bares","tag-coronavirus","tag-covid-19","tag-decreto-estadual","tag-decreto-municipal","tag-euclides-da-cunha","tag-lockdown","tag-policia","tag-povoado","tag-saude","tag-toque-de-recolher"],"aioseo_notices":[],"_links":{"self":[{"href":"https:\/\/www.portalalerta.com.br\/index.php\/wp-json\/wp\/v2\/posts\/33332","targetHints":{"allow":["GET"]}}],"collection":[{"href":"https:\/\/www.portalalerta.com.br\/index.php\/wp-json\/wp\/v2\/posts"}],"about":[{"href":"https:\/\/www.portalalerta.com.br\/index.php\/wp-json\/wp\/v2\/types\/post"}],"author":[{"embeddable":true,"href":"https:\/\/www.portalalerta.com.br\/index.php\/wp-json\/wp\/v2\/users\/2"}],"replies":[{"embeddable":true,"href":"https:\/\/www.portalalerta.com.br\/index.php\/wp-json\/wp\/v2\/comments?post=33332"}],"version-history":[{"count":1,"href":"https:\/\/www.portalalerta.com.br\/index.php\/wp-json\/wp\/v2\/posts\/33332\/revisions"}],"predecessor-version":[{"id":33337,"href":"https:\/\/www.portalalerta.com.br\/index.php\/wp-json\/wp\/v2\/posts\/33332\/revisions\/33337"}],"wp:featuredmedia":[{"embeddable":true,"href":"https:\/\/www.portalalerta.com.br\/index.php\/wp-json\/wp\/v2\/media\/33336"}],"wp:attachment":[{"href":"https:\/\/www.portalalerta.com.br\/index.php\/wp-json\/wp\/v2\/media?parent=33332"}],"wp:term":[{"taxonomy":"category","embeddable":true,"href":"https:\/\/www.portalalerta.com.br\/index.php\/wp-json\/wp\/v2\/categories?post=33332"},{"taxonomy":"post_tag","embeddable":true,"href":"https:\/\/www.portalalerta.com.br\/index.php\/wp-json\/wp\/v2\/tags?post=33332"}],"curies":[{"name":"wp","href":"https:\/\/api.w.org\/{rel}","templated":true}]}}