{"id":33340,"date":"2021-03-01T07:03:00","date_gmt":"2021-03-01T10:03:00","guid":{"rendered":"https:\/\/www.portalalerta.com.br\/?p=33340"},"modified":"2021-03-01T00:11:54","modified_gmt":"2021-03-01T03:11:54","slug":"secretaria-de-saude-de-araci-ba-confirma-mais-um-obito-por-covid-19-e-numero-de-vitimas-chega-a-28","status":"publish","type":"post","link":"https:\/\/www.portalalerta.com.br\/index.php\/2021\/03\/01\/secretaria-de-saude-de-araci-ba-confirma-mais-um-obito-por-covid-19-e-numero-de-vitimas-chega-a-28\/","title":{"rendered":"Secretaria de Sa\u00fade de Araci-BA confirma mais um \u00f3bito por covid-19 e n\u00famero de v\u00edtimas chega a 28"},"content":{"rendered":"\n<p>A Prefeitura de Araci-BA atrav\u00e9s da Secretaria de Sa\u00fade do Munic\u00edpio divulgou na noite do \u00faltimo s\u00e1bado, 27, em seu boletim di\u00e1rio sobre o novo coronav\u00edrus mais um \u00f3bito em consequ\u00eancia de complica\u00e7\u00f5es da covid-19.<\/p>\n\n\n\n<!--more-->\n\n\n\n<div class=\"wp-block-image\"><figure class=\"aligncenter size-large\"><img decoding=\"async\" src=\"https:\/\/www.portalalerta.com.br\/wp-content\/uploads\/2021\/01\/Moda-Ver\u00e3o-Real-Cal\u00e7ados-2021.jpeg\" alt=\"\" class=\"wp-image-31690\"\/><\/figure><\/div>\n\n\n\n<p>Trata-se de uma mulher de 65 anos, moradora do bairro S\u00e3o Jo\u00e3o. A v\u00edtima era hipertensa e possu\u00eda diabetes. Com mais este \u00f3bito Araci chega a 28 v\u00edtimas.<\/p>\n\n\n\n<p>Desde o come\u00e7o da pandemia Araci registrou 2.447 casos positivos, 2.036 est\u00e3o recuperados, 383 ativos e 28 \u00f3bitos.<\/p>\n\n\n\n<p><em>Fonte: Cival Anjos<\/em><\/p>\n\n\n\n<p><em>Com informa\u00e7\u00f5es: Calilia Not\u00edcias<\/em><\/p>\n","protected":false},"excerpt":{"rendered":"<p>A Prefeitura de Araci-BA atrav\u00e9s da Secretaria de Sa\u00fade do Munic\u00edpio divulgou na noite do \u00faltimo s\u00e1bado, 27, em seu boletim di\u00e1rio sobre o novo coronav\u00edrus mais um \u00f3bito em consequ\u00eancia de complica\u00e7\u00f5es da covid-19.<\/p>\n","protected":false},"author":2,"featured_media":28768,"comment_status":"open","ping_status":"open","sticky":false,"template":"","format":"standard","meta":{"om_disable_all_campaigns":false,"_monsterinsights_skip_tracking":false,"_monsterinsights_sitenote_active":false,"_monsterinsights_sitenote_note":"","_monsterinsights_sitenote_category":0,"footnotes":""},"categories":[41,70,69,32,19],"tags":[48,3429,3486,3841,3724,439,61],"class_list":["post-33340","post","type-post","status-publish","format-standard","has-post-thumbnail","hentry","category-araci","category-destaques","category-noticias2","category-regiao","category-saude","tag-araci","tag-coronavirus","tag-covid-19","tag-curados","tag-infeccao","tag-mortes","tag-saude"],"aioseo_notices":[],"_links":{"self":[{"href":"https:\/\/www.portalalerta.com.br\/index.php\/wp-json\/wp\/v2\/posts\/33340","targetHints":{"allow":["GET"]}}],"collection":[{"href":"https:\/\/www.portalalerta.com.br\/index.php\/wp-json\/wp\/v2\/posts"}],"about":[{"href":"https:\/\/www.portalalerta.com.br\/index.php\/wp-json\/wp\/v2\/types\/post"}],"author":[{"embeddable":true,"href":"https:\/\/www.portalalerta.com.br\/index.php\/wp-json\/wp\/v2\/users\/2"}],"replies":[{"embeddable":true,"href":"https:\/\/www.portalalerta.com.br\/index.php\/wp-json\/wp\/v2\/comments?post=33340"}],"version-history":[{"count":1,"href":"https:\/\/www.portalalerta.com.br\/index.php\/wp-json\/wp\/v2\/posts\/33340\/revisions"}],"predecessor-version":[{"id":33341,"href":"https:\/\/www.portalalerta.com.br\/index.php\/wp-json\/wp\/v2\/posts\/33340\/revisions\/33341"}],"wp:featuredmedia":[{"embeddable":true,"href":"https:\/\/www.portalalerta.com.br\/index.php\/wp-json\/wp\/v2\/media\/28768"}],"wp:attachment":[{"href":"https:\/\/www.portalalerta.com.br\/index.php\/wp-json\/wp\/v2\/media?parent=33340"}],"wp:term":[{"taxonomy":"category","embeddable":true,"href":"https:\/\/www.portalalerta.com.br\/index.php\/wp-json\/wp\/v2\/categories?post=33340"},{"taxonomy":"post_tag","embeddable":true,"href":"https:\/\/www.portalalerta.com.br\/index.php\/wp-json\/wp\/v2\/tags?post=33340"}],"curies":[{"name":"wp","href":"https:\/\/api.w.org\/{rel}","templated":true}]}}