{"id":33374,"date":"2021-03-02T22:55:48","date_gmt":"2021-03-03T01:55:48","guid":{"rendered":"https:\/\/www.portalalerta.com.br\/?p=33374"},"modified":"2021-03-02T22:55:49","modified_gmt":"2021-03-03T01:55:49","slug":"homem-de-49-anos-e-a-oitava-vitima-da-covid-19-em-olindina-ba","status":"publish","type":"post","link":"https:\/\/www.portalalerta.com.br\/index.php\/2021\/03\/02\/homem-de-49-anos-e-a-oitava-vitima-da-covid-19-em-olindina-ba\/","title":{"rendered":"Homem de 49 anos, \u00e9 a oitava v\u00edtima da Covid-19, em Olindina-BA"},"content":{"rendered":"\n<p>O munic\u00edpio de Olindina-BA registrou mais uma morte provocada pela Coronav\u00edrus, chegando assim ao oitavo \u00f3bito por conta da doen\u00e7a.<\/p>\n\n\n\n<!--more-->\n\n\n\n<div class=\"wp-block-image\"><figure class=\"alignleft size-large is-resized\"><img fetchpriority=\"high\" decoding=\"async\" src=\"https:\/\/www.portalalerta.com.br\/wp-content\/uploads\/2021\/03\/Real-Calcados.jpeg\" alt=\"\" class=\"wp-image-33350\" width=\"336\" height=\"336\"\/><\/figure><\/div>\n\n\n\n<p>Segundo nota emitida pela Prefeitura na noite da \u00faltima segunda-feira (1\u00ba), trata-se de um homem de 49 anos, portador de diabetes e hipertens\u00e3o.<\/p>\n\n\n\n<p>O paciente estava internado num Hospital de alta complexidade, e evoluiu a \u00f3bito na \u00faltima sexta-feira (26).<\/p>\n\n\n\n<p><em>Fonte: Itapicuru Not\u00edcias <\/em><em><\/em><\/p>\n","protected":false},"excerpt":{"rendered":"<p>O munic\u00edpio de Olindina-BA registrou mais uma morte provocada pela Coronav\u00edrus, chegando assim ao oitavo \u00f3bito por conta da doen\u00e7a.<\/p>\n","protected":false},"author":2,"featured_media":22776,"comment_status":"open","ping_status":"open","sticky":false,"template":"","format":"standard","meta":{"om_disable_all_campaigns":false,"_monsterinsights_skip_tracking":false,"_monsterinsights_sitenote_active":false,"_monsterinsights_sitenote_note":"","_monsterinsights_sitenote_category":0,"footnotes":""},"categories":[70,69,15,32,19],"tags":[3429,3486,439,120,61],"class_list":["post-33374","post","type-post","status-publish","format-standard","has-post-thumbnail","hentry","category-destaques","category-noticias2","category-olindina","category-regiao","category-saude","tag-coronavirus","tag-covid-19","tag-mortes","tag-olindina","tag-saude"],"aioseo_notices":[],"_links":{"self":[{"href":"https:\/\/www.portalalerta.com.br\/index.php\/wp-json\/wp\/v2\/posts\/33374","targetHints":{"allow":["GET"]}}],"collection":[{"href":"https:\/\/www.portalalerta.com.br\/index.php\/wp-json\/wp\/v2\/posts"}],"about":[{"href":"https:\/\/www.portalalerta.com.br\/index.php\/wp-json\/wp\/v2\/types\/post"}],"author":[{"embeddable":true,"href":"https:\/\/www.portalalerta.com.br\/index.php\/wp-json\/wp\/v2\/users\/2"}],"replies":[{"embeddable":true,"href":"https:\/\/www.portalalerta.com.br\/index.php\/wp-json\/wp\/v2\/comments?post=33374"}],"version-history":[{"count":1,"href":"https:\/\/www.portalalerta.com.br\/index.php\/wp-json\/wp\/v2\/posts\/33374\/revisions"}],"predecessor-version":[{"id":33379,"href":"https:\/\/www.portalalerta.com.br\/index.php\/wp-json\/wp\/v2\/posts\/33374\/revisions\/33379"}],"wp:featuredmedia":[{"embeddable":true,"href":"https:\/\/www.portalalerta.com.br\/index.php\/wp-json\/wp\/v2\/media\/22776"}],"wp:attachment":[{"href":"https:\/\/www.portalalerta.com.br\/index.php\/wp-json\/wp\/v2\/media?parent=33374"}],"wp:term":[{"taxonomy":"category","embeddable":true,"href":"https:\/\/www.portalalerta.com.br\/index.php\/wp-json\/wp\/v2\/categories?post=33374"},{"taxonomy":"post_tag","embeddable":true,"href":"https:\/\/www.portalalerta.com.br\/index.php\/wp-json\/wp\/v2\/tags?post=33374"}],"curies":[{"name":"wp","href":"https:\/\/api.w.org\/{rel}","templated":true}]}}