{"id":33621,"date":"2021-03-13T18:03:44","date_gmt":"2021-03-13T21:03:44","guid":{"rendered":"https:\/\/www.portalalerta.com.br\/?p=33621"},"modified":"2021-03-13T18:03:45","modified_gmt":"2021-03-13T21:03:45","slug":"apos-recorde-de-doentes-com-covid-em-utis-governo-de-pe-contrata-leitos-na-bahia-e-preve-aumento-expressivo-da-mortalidade","status":"publish","type":"post","link":"https:\/\/www.portalalerta.com.br\/index.php\/2021\/03\/13\/apos-recorde-de-doentes-com-covid-em-utis-governo-de-pe-contrata-leitos-na-bahia-e-preve-aumento-expressivo-da-mortalidade\/","title":{"rendered":"Ap\u00f3s recorde de doentes com Covid em UTIs, governo de PE contrata leitos na Bahia e prev\u00ea &#8216;aumento expressivo da mortalidade&#8217;"},"content":{"rendered":"\n<p>Pela primeira vez na pandemia, iniciada h\u00e1 um ano, Pernambuco anunciou a contrata\u00e7\u00e3o de leitos de um hospital particular de outro estado, para dar conta do volume de v\u00edtimas da\u00a0Covid-19. As novas vagas ser\u00e3o abertas na Promatre de\u00a0Juazeiro, na\u00a0Bahia, e v\u00e3o receber doentes da regi\u00e3o de\u00a0Petrolina, no Sert\u00e3o.<\/p>\n\n\n\n<!--more-->\n\n\n\n<p>Em pronunciamento transmitido pela internet, na \u00faltima quinta-feira (11), o governo tamb\u00e9m anunciou que, atualmente, Pernambuco tem recorde de pessoas internadas em Unidades de Terapia Intensiva (UTIs).<\/p>\n\n\n\n<p>O secret\u00e1rio estadual de Sa\u00fade, Andr\u00e9 Longo, disse que, nos pr\u00f3ximos dias, o estado deve ter &#8220;aumento expressivo da mortalidade&#8221;.<\/p>\n\n\n\n<div class=\"wp-block-image\"><figure class=\"alignleft size-large is-resized\"><img fetchpriority=\"high\" decoding=\"async\" src=\"https:\/\/www.portalalerta.com.br\/wp-content\/uploads\/2018\/07\/05elab.jpg\" alt=\"\" class=\"wp-image-9394\" width=\"358\" height=\"269\" srcset=\"https:\/\/www.portalalerta.com.br\/wp-content\/uploads\/2018\/07\/05elab.jpg 400w, https:\/\/www.portalalerta.com.br\/wp-content\/uploads\/2018\/07\/05elab-320x240.jpg 320w, https:\/\/www.portalalerta.com.br\/wp-content\/uploads\/2018\/07\/05elab-195x146.jpg 195w, https:\/\/www.portalalerta.com.br\/wp-content\/uploads\/2018\/07\/05elab-50x38.jpg 50w, https:\/\/www.portalalerta.com.br\/wp-content\/uploads\/2018\/07\/05elab-100x75.jpg 100w\" sizes=\"(max-width: 358px) 100vw, 358px\" \/><\/figure><\/div>\n\n\n\n<p>Atualmente, h\u00e1 1.093 pessoas internadas nas 1.151 UTIs da rede p\u00fablica. A ocupa\u00e7\u00e3o \u00e9 de 95%. Na quarta-feira (10), quando o percentual era o mesmo, eram 1.055 pacientes em 1.111 leitos.<\/p>\n\n\n\n<p>Segundo o estado, foram contratadas dez vagas de UTI na Promatre de Juazeiro. O secret\u00e1rio de Sa\u00fade afirmou, no pronunciamento, que a situa\u00e7\u00e3o \u00e9 de &#8220;estrangulamento em todos os servi\u00e7os&#8221;, incluindo a rede particular.<\/p>\n\n\n\n<p>&#8220;Na \u00faltima semana, observamos uma acelera\u00e7\u00e3o acentuada da doen\u00e7a, com forte escalada dos indicadores, com crescimento nos casos graves de 5,5%, em uma semana, e de 19%, em 15 dias. Tamb\u00e9m houve crescimento de 17% nas solicita\u00e7\u00f5es de leitos de UTI e de 32% nos de enfermaria. Nos \u00faltimos dias, temos tend\u00eancia de mais agravamento, com solicita\u00e7\u00f5es de vagas chegando ao mesmo patamar de maio, no pico da doen\u00e7a no ano passado&#8221;, declarou Andr\u00e9 Longo.<\/p>\n\n\n\n<p>O secret\u00e1rio de sa\u00fade tamb\u00e9m disse que o aumento expressivo de interna\u00e7\u00f5es por causa da Covid-19 fez com que o estado chegasse a muito pr\u00f3ximo do limite de expans\u00e3o de leitos em rela\u00e7\u00e3o \u00e0 quantidade de novos doentes.<\/p>\n\n\n\n<p><strong><em>&#8220;O v\u00edrus tamb\u00e9m est\u00e1 com uma acelera\u00e7\u00e3o recorde, que pode tornar-se, a qualquer momento, superior \u00e0 nossa capacidade de abrir leitos. Por isso, meu recado \u00e9 que ou todos cooperam, ou vai faltar leito para quem precisa, o que vai provocar a perda de vidas&#8221;<\/em>, <\/strong>afirmou o secret\u00e1rio.<\/p>\n\n\n\n<p><strong>Novos leitos<\/strong><\/p>\n\n\n\n<p>Para dar conta das interna\u00e7\u00f5es de pacientes com Covid-19, o governo tem tentado, desde fevereiro, reativar o Hospital Provis\u00f3rio Recife 2, localizado no bairro dos Coelhos, no Centro da cidade. Esse era o maior hospital de campanha aberto pela prefeitura da capital e&nbsp;foi fechado em agosto.<\/p>\n\n\n\n<p>Agora, no entanto, o governo do estado seria respons\u00e1vel pela gest\u00e3o, mas n\u00e3o conseguiu finalizar o processo para reabertura.<\/p>\n\n\n\n<p>Questionado pelo&nbsp;<strong>G1<\/strong>&nbsp;sobre a demora na reabertura do hospital de campanha, o secret\u00e1rio Andr\u00e9 Longo afirmou que houve duas licita\u00e7\u00f5es para contrata\u00e7\u00e3o de unidade gestora, mas n\u00e3o houve interesse de nenhuma empresa.<\/p>\n\n\n\n<p>&#8220;N\u00f3s lan\u00e7amos um projeto novo em rela\u00e7\u00e3o a um hospital de campanha, estamos procurando seguir todas as recomenda\u00e7\u00f5es dos \u00f3rg\u00e3os de controle, temos conversado, inclusive, com o Tribunal de Contas, para que fa\u00e7a o acompanhamento desse processo. Infelizmente, j\u00e1 colocamos por duas vezes o edital para sele\u00e7\u00e3o da organiza\u00e7\u00e3o social que iria cuidar do projeto, \u00e9 um chamamento p\u00fablico, e infelizmente n\u00e3o apareceu nenhuma organiza\u00e7\u00e3o social interessada&#8221;, declarou.<\/p>\n\n\n\n<p>O secret\u00e1rio disse, tamb\u00e9m, que a falta de interesse das empresas no novo projeto pode ter rela\u00e7\u00e3o com as opera\u00e7\u00f5es deflagradas pela Pol\u00edcia Federal para investigar\u00a0licita\u00e7\u00f5es de gest\u00e3o da pandemia por prefeituras\u00a0no Grande Recife, incluindo a da capital.<\/p>\n\n\n\n<p>&#8220;\u00c9 certo que aquela ca\u00e7a \u00e0s bruxas que houve em rela\u00e7\u00e3o a essas organiza\u00e7\u00f5es naquele per\u00edodo que se abriu hospitais de campanha, com opera\u00e7\u00f5es, pode ter gerado um temor nessas organiza\u00e7\u00f5es sociais em rela\u00e7\u00e3o a esse novo projeto que foi lan\u00e7ado&#8221;, disse.<\/p>\n\n\n\n<p><em>Fonte: G1<\/em><\/p>\n","protected":false},"excerpt":{"rendered":"<p>Pela primeira vez na pandemia, iniciada h\u00e1 um ano, Pernambuco anunciou a contrata\u00e7\u00e3o de leitos de um hospital particular de outro estado, para dar conta do volume de v\u00edtimas da\u00a0Covid-19. As novas vagas ser\u00e3o abertas na Promatre de\u00a0Juazeiro, na\u00a0Bahia, e v\u00e3o receber doentes da regi\u00e3o de\u00a0Petrolina, no Sert\u00e3o.<\/p>\n","protected":false},"author":2,"featured_media":33626,"comment_status":"open","ping_status":"open","sticky":false,"template":"","format":"standard","meta":{"om_disable_all_campaigns":false,"_monsterinsights_skip_tracking":false,"_monsterinsights_sitenote_active":false,"_monsterinsights_sitenote_note":"","_monsterinsights_sitenote_category":0,"footnotes":""},"categories":[33,34,70,69,19],"tags":[54,93,3429,3486,445,3585,455,2217,61,153],"class_list":["post-33621","post","type-post","status-publish","format-standard","has-post-thumbnail","hentry","category-bahia","category-brasil","category-destaques","category-noticias2","category-saude","tag-bahia","tag-brasil","tag-coronavirus","tag-covid-19","tag-juazeiro","tag-leitos","tag-pernambuco","tag-petrolina","tag-saude","tag-uti"],"aioseo_notices":[],"_links":{"self":[{"href":"https:\/\/www.portalalerta.com.br\/index.php\/wp-json\/wp\/v2\/posts\/33621","targetHints":{"allow":["GET"]}}],"collection":[{"href":"https:\/\/www.portalalerta.com.br\/index.php\/wp-json\/wp\/v2\/posts"}],"about":[{"href":"https:\/\/www.portalalerta.com.br\/index.php\/wp-json\/wp\/v2\/types\/post"}],"author":[{"embeddable":true,"href":"https:\/\/www.portalalerta.com.br\/index.php\/wp-json\/wp\/v2\/users\/2"}],"replies":[{"embeddable":true,"href":"https:\/\/www.portalalerta.com.br\/index.php\/wp-json\/wp\/v2\/comments?post=33621"}],"version-history":[{"count":1,"href":"https:\/\/www.portalalerta.com.br\/index.php\/wp-json\/wp\/v2\/posts\/33621\/revisions"}],"predecessor-version":[{"id":33627,"href":"https:\/\/www.portalalerta.com.br\/index.php\/wp-json\/wp\/v2\/posts\/33621\/revisions\/33627"}],"wp:featuredmedia":[{"embeddable":true,"href":"https:\/\/www.portalalerta.com.br\/index.php\/wp-json\/wp\/v2\/media\/33626"}],"wp:attachment":[{"href":"https:\/\/www.portalalerta.com.br\/index.php\/wp-json\/wp\/v2\/media?parent=33621"}],"wp:term":[{"taxonomy":"category","embeddable":true,"href":"https:\/\/www.portalalerta.com.br\/index.php\/wp-json\/wp\/v2\/categories?post=33621"},{"taxonomy":"post_tag","embeddable":true,"href":"https:\/\/www.portalalerta.com.br\/index.php\/wp-json\/wp\/v2\/tags?post=33621"}],"curies":[{"name":"wp","href":"https:\/\/api.w.org\/{rel}","templated":true}]}}