{"id":33772,"date":"2021-03-21T10:24:49","date_gmt":"2021-03-21T13:24:49","guid":{"rendered":"https:\/\/www.portalalerta.com.br\/?p=33772"},"modified":"2021-03-21T10:24:51","modified_gmt":"2021-03-21T13:24:51","slug":"organizadores-definem-que-olimpiadas-de-toquio-nao-terao-publico-estrangeiro","status":"publish","type":"post","link":"https:\/\/www.portalalerta.com.br\/index.php\/2021\/03\/21\/organizadores-definem-que-olimpiadas-de-toquio-nao-terao-publico-estrangeiro\/","title":{"rendered":"Organizadores definem que Olimp\u00edadas de T\u00f3quio n\u00e3o ter\u00e3o p\u00fablico estrangeiro"},"content":{"rendered":"\n<p>Os torcedores de outros pa\u00edses n\u00e3o poder\u00e3o assistir \u00e0s Olimp\u00edadas de T\u00f3quio, no Jap\u00e3o, que acontecem este ano entre julho e agosto. O motivo \u00e9 o alto risco sanit\u00e1rio em fun\u00e7\u00e3o da pandemia de Covid-19. O an\u00fancio foi feito pelos organizadores do evento neste s\u00e1bado (20). &#8220;A fim de esclarecer a situa\u00e7\u00e3o para aqueles que compraram ingressos e que moram no exterior e permitir que possam ajustar seus planos de viagem neste momento, as partes do lado japon\u00eas conclu\u00edram que essas pessoas n\u00e3o poder\u00e3o entrar no Jap\u00e3o durante os Jogos Ol\u00edmpicos e Paraol\u00edmpicos&#8221;, explicaram os organizadores em um comunicado.<\/p>\n\n\n\n<!--more-->\n\n\n\n<p>Com isso, apenas japoneses e estrangeiros residentes no pa\u00eds poder\u00e3o adquirir ingressos para acompanhar as competi\u00e7\u00f5es nas arenas. O presidente do COI, Thomas Bach, o presidente do IPC, o brasileiro Andrew Parsons, a presidente do Comit\u00ea Organizador, Seiko Hashimoto, a governadora de T\u00f3quio Yuriko Koike e a Ministra Ol\u00edmpica Tamayo Marukawa participaram da reuni\u00e3o.<\/p>\n\n\n\n<div class=\"wp-block-image\"><figure class=\"alignleft size-large is-resized\"><img fetchpriority=\"high\" decoding=\"async\" src=\"https:\/\/www.portalalerta.com.br\/wp-content\/uploads\/2021\/03\/Real-Calcados.jpeg\" alt=\"\" class=\"wp-image-33350\" width=\"293\" height=\"293\"\/><\/figure><\/div>\n\n\n\n<p>Em coletiva de imprensa concedida na sequ\u00eancia, Hashimoto disse que as partes japonesas apresentaram a decis\u00e3o a Bach e Parsons, que lamentaram profundamente, mas respeitaram. &#8220;No momento a situa\u00e7\u00e3o da Covid no Jap\u00e3o e em muitos outros pa\u00edses \u00e9 muito desafiadora. H\u00e1 restri\u00e7\u00f5es globais. As partes do lado japon\u00eas n\u00e3o poderiam garantir a entrada de torcedores do exterior sem afetar a seguran\u00e7a dos Jogos para os participantes e para o povo japon\u00eas. O COI e o IPC mostraram respeito e aceitaram esta conclus\u00e3o. Estes Jogos ser\u00e3o completamente diferentes dos outros, mas a ess\u00eancia ser\u00e1 a mesma, com os atletas dando o melhor e inspirando o mundo&#8221;, afirmou Hashimoto.<\/p>\n\n\n\n<p>A Olimp\u00edada de T\u00f3quio foi adiada de 2020 em raz\u00e3o da pandemia do coronav\u00edrus. Como a situa\u00e7\u00e3o mundial ainda n\u00e3o parece pr\u00f3xima de estar controlada, uma s\u00e9rie de medidas foram divulgadas com rela\u00e7\u00e3o aos atletas, pelos organizadores.<\/p>\n\n\n\n<p><em>Fonte: Metro1<\/em><\/p>\n","protected":false},"excerpt":{"rendered":"<p>Os torcedores de outros pa\u00edses n\u00e3o poder\u00e3o assistir \u00e0s Olimp\u00edadas de T\u00f3quio, no Jap\u00e3o, que acontecem este ano entre julho e agosto. O motivo \u00e9 o alto risco sanit\u00e1rio em fun\u00e7\u00e3o da pandemia de Covid-19. O an\u00fancio foi feito pelos organizadores do evento neste s\u00e1bado (20). &#8220;A fim de esclarecer a situa\u00e7\u00e3o para aqueles que &hellip;<\/p>\n","protected":false},"author":2,"featured_media":33776,"comment_status":"open","ping_status":"open","sticky":false,"template":"","format":"standard","meta":{"om_disable_all_campaigns":false,"_monsterinsights_skip_tracking":false,"_monsterinsights_sitenote_active":false,"_monsterinsights_sitenote_note":"","_monsterinsights_sitenote_category":0,"footnotes":""},"categories":[70,2,35,69,19],"tags":[3429,3486,4334,339,4333,61,4332,2202],"class_list":["post-33772","post","type-post","status-publish","format-standard","has-post-thumbnail","hentry","category-destaques","category-esportes","category-mundo","category-noticias2","category-saude","tag-coronavirus","tag-covid-19","tag-jogos-olimpicos","tag-mundo","tag-olimpiadas","tag-saude","tag-toquio","tag-torcida"],"aioseo_notices":[],"_links":{"self":[{"href":"https:\/\/www.portalalerta.com.br\/index.php\/wp-json\/wp\/v2\/posts\/33772","targetHints":{"allow":["GET"]}}],"collection":[{"href":"https:\/\/www.portalalerta.com.br\/index.php\/wp-json\/wp\/v2\/posts"}],"about":[{"href":"https:\/\/www.portalalerta.com.br\/index.php\/wp-json\/wp\/v2\/types\/post"}],"author":[{"embeddable":true,"href":"https:\/\/www.portalalerta.com.br\/index.php\/wp-json\/wp\/v2\/users\/2"}],"replies":[{"embeddable":true,"href":"https:\/\/www.portalalerta.com.br\/index.php\/wp-json\/wp\/v2\/comments?post=33772"}],"version-history":[{"count":1,"href":"https:\/\/www.portalalerta.com.br\/index.php\/wp-json\/wp\/v2\/posts\/33772\/revisions"}],"predecessor-version":[{"id":33777,"href":"https:\/\/www.portalalerta.com.br\/index.php\/wp-json\/wp\/v2\/posts\/33772\/revisions\/33777"}],"wp:featuredmedia":[{"embeddable":true,"href":"https:\/\/www.portalalerta.com.br\/index.php\/wp-json\/wp\/v2\/media\/33776"}],"wp:attachment":[{"href":"https:\/\/www.portalalerta.com.br\/index.php\/wp-json\/wp\/v2\/media?parent=33772"}],"wp:term":[{"taxonomy":"category","embeddable":true,"href":"https:\/\/www.portalalerta.com.br\/index.php\/wp-json\/wp\/v2\/categories?post=33772"},{"taxonomy":"post_tag","embeddable":true,"href":"https:\/\/www.portalalerta.com.br\/index.php\/wp-json\/wp\/v2\/tags?post=33772"}],"curies":[{"name":"wp","href":"https:\/\/api.w.org\/{rel}","templated":true}]}}