{"id":33773,"date":"2021-03-21T10:43:15","date_gmt":"2021-03-21T13:43:15","guid":{"rendered":"https:\/\/www.portalalerta.com.br\/?p=33773"},"modified":"2021-03-21T10:43:16","modified_gmt":"2021-03-21T13:43:16","slug":"jovem-de-25-anos-e-a-13a-vitima-de-covid-19-em-fatima-ba","status":"publish","type":"post","link":"https:\/\/www.portalalerta.com.br\/index.php\/2021\/03\/21\/jovem-de-25-anos-e-a-13a-vitima-de-covid-19-em-fatima-ba\/","title":{"rendered":"Jovem de 25 anos \u00e9 a 13\u00aa v\u00edtima de Covid-19, em F\u00e1tima-BA"},"content":{"rendered":"\n<p><br>A Prefeitura de F\u00e1tima divulgou neste s\u00e1bado (20), uma nota de pesar informando a popula\u00e7\u00e3o local sobre o 13\u00ba \u00f3bito decorrente de complica\u00e7\u00f5es pelo novo Coronav\u00edrus.<\/p>\n\n\n\n<!--more-->\n\n\n\n<div data-mvc-banner=\"leaderboard\"><\/div><script type=\"text\/javascript\"> (function(storeName) { var b = document.createElement('script'); b.type = 'text\/javascript'; b.async = true; b.src = 'https:\/\/www.magazinevoce.com.br\/js\/banner.js?store='+ storeName; var s = document.getElementsByTagName('script')[0]; s.parentNode.insertBefore(b, s); })('Nvscosta'); <\/script>\n\n\n\n<p>Trata-se de um jovem de 25 anos, que deu entrada na unidade de Sa\u00fade apresentando dispneia e tosse seca, com diagn\u00f3stico positivo para Covid-19. A confirma\u00e7\u00e3o do \u00f3bito foi feita atrav\u00e9s do Centro de Atendimento para Covid-19 da cidade de Tucano-BA.<br><br>Al\u00e9m dos 13 \u00f3bitos, de acordo com o \u00faltimo Boletim Epidemiol\u00f3gico da cidade divulgado na \u00faltima sexta-feira (19) aponta que F\u00e1tima, contabilizou 777casos positivos de covid-19, e no momento existem 26 casos ativos al\u00e9m de 740 recuperados.<\/p>\n\n\n\n<p><strong><em>Fonte: C\u00edcero Dantas Acontece<\/em><\/strong><\/p>\n","protected":false},"excerpt":{"rendered":"<p>A Prefeitura de F\u00e1tima divulgou neste s\u00e1bado (20), uma nota de pesar informando a popula\u00e7\u00e3o local sobre o 13\u00ba \u00f3bito decorrente de complica\u00e7\u00f5es pelo novo Coronav\u00edrus.<\/p>\n","protected":false},"author":2,"featured_media":23194,"comment_status":"open","ping_status":"open","sticky":false,"template":"","format":"standard","meta":{"om_disable_all_campaigns":false,"_monsterinsights_skip_tracking":false,"_monsterinsights_sitenote_active":false,"_monsterinsights_sitenote_note":"","_monsterinsights_sitenote_category":0,"footnotes":""},"categories":[70,10,69,32,19],"tags":[3429,3486,107,169,61],"class_list":["post-33773","post","type-post","status-publish","format-standard","has-post-thumbnail","hentry","category-destaques","category-fatima","category-noticias2","category-regiao","category-saude","tag-coronavirus","tag-covid-19","tag-fatima","tag-morte","tag-saude"],"aioseo_notices":[],"_links":{"self":[{"href":"https:\/\/www.portalalerta.com.br\/index.php\/wp-json\/wp\/v2\/posts\/33773","targetHints":{"allow":["GET"]}}],"collection":[{"href":"https:\/\/www.portalalerta.com.br\/index.php\/wp-json\/wp\/v2\/posts"}],"about":[{"href":"https:\/\/www.portalalerta.com.br\/index.php\/wp-json\/wp\/v2\/types\/post"}],"author":[{"embeddable":true,"href":"https:\/\/www.portalalerta.com.br\/index.php\/wp-json\/wp\/v2\/users\/2"}],"replies":[{"embeddable":true,"href":"https:\/\/www.portalalerta.com.br\/index.php\/wp-json\/wp\/v2\/comments?post=33773"}],"version-history":[{"count":1,"href":"https:\/\/www.portalalerta.com.br\/index.php\/wp-json\/wp\/v2\/posts\/33773\/revisions"}],"predecessor-version":[{"id":33778,"href":"https:\/\/www.portalalerta.com.br\/index.php\/wp-json\/wp\/v2\/posts\/33773\/revisions\/33778"}],"wp:featuredmedia":[{"embeddable":true,"href":"https:\/\/www.portalalerta.com.br\/index.php\/wp-json\/wp\/v2\/media\/23194"}],"wp:attachment":[{"href":"https:\/\/www.portalalerta.com.br\/index.php\/wp-json\/wp\/v2\/media?parent=33773"}],"wp:term":[{"taxonomy":"category","embeddable":true,"href":"https:\/\/www.portalalerta.com.br\/index.php\/wp-json\/wp\/v2\/categories?post=33773"},{"taxonomy":"post_tag","embeddable":true,"href":"https:\/\/www.portalalerta.com.br\/index.php\/wp-json\/wp\/v2\/tags?post=33773"}],"curies":[{"name":"wp","href":"https:\/\/api.w.org\/{rel}","templated":true}]}}