{"id":34143,"date":"2021-04-06T18:53:00","date_gmt":"2021-04-06T21:53:00","guid":{"rendered":"https:\/\/www.portalalerta.com.br\/?p=34143"},"modified":"2021-04-06T18:53:01","modified_gmt":"2021-04-06T21:53:01","slug":"euclides-da-cunha-ba-registra-o-29o-obito-por-conta-da-covid-19","status":"publish","type":"post","link":"https:\/\/www.portalalerta.com.br\/index.php\/2021\/04\/06\/euclides-da-cunha-ba-registra-o-29o-obito-por-conta-da-covid-19\/","title":{"rendered":"Euclides da Cunha-BA registra o 29\u00ba \u00f3bito por conta da Covid-19"},"content":{"rendered":"\n<p>O empres\u00e1rio euclidense, Amilton do Conselho Carmezim, foi a 29\u00aa v\u00edtima do novo coronav\u00edrus (Covid-19). A morte foi anunciada no in\u00edcio da noite de segunda-feira, 5, provocando muita como\u00e7\u00e3o nas redes sociais.<\/p>\n\n\n\n<!--more-->\n\n\n\n<div class=\"wp-block-image\"><figure class=\"aligncenter size-large\"><img fetchpriority=\"high\" decoding=\"async\" width=\"720\" height=\"181\" src=\"https:\/\/www.portalalerta.com.br\/wp-content\/uploads\/2018\/02\/Auto-Escola-Nobre.jpg\" alt=\"\" class=\"wp-image-4869\" srcset=\"https:\/\/www.portalalerta.com.br\/wp-content\/uploads\/2018\/02\/Auto-Escola-Nobre.jpg 720w, https:\/\/www.portalalerta.com.br\/wp-content\/uploads\/2018\/02\/Auto-Escola-Nobre-260x65.jpg 260w, https:\/\/www.portalalerta.com.br\/wp-content\/uploads\/2018\/02\/Auto-Escola-Nobre-50x13.jpg 50w, https:\/\/www.portalalerta.com.br\/wp-content\/uploads\/2018\/02\/Auto-Escola-Nobre-150x38.jpg 150w\" sizes=\"(max-width: 720px) 100vw, 720px\" \/><\/figure><\/div>\n\n\n\n<p>O empres\u00e1rio estava internado em estado grave h\u00e1 uma semana, numa luta constante para vencer o v\u00edrus, que culminou de forma tr\u00e1gica. Em virtude da morte do empres\u00e1rio, o presidente da C\u00e2mara Municipal de Vereadores de Euclides da Cunha, o vereador Tita da \u00c1gua, cancelou a Sess\u00e3o Ordin\u00e1ria desta segunda-feira. Tita e Amiltom eram amigos de longas datas.<\/p>\n\n\n\n<p><em>Fonte: euclidesdacunha.com<\/em><\/p>\n","protected":false},"excerpt":{"rendered":"<p>O empres\u00e1rio euclidense, Amilton do Conselho Carmezim, foi a 29\u00aa v\u00edtima do novo coronav\u00edrus (Covid-19). A morte foi anunciada no in\u00edcio da noite de segunda-feira, 5, provocando muita como\u00e7\u00e3o nas redes sociais.<\/p>\n","protected":false},"author":2,"featured_media":34148,"comment_status":"open","ping_status":"open","sticky":false,"template":"","format":"standard","meta":{"om_disable_all_campaigns":false,"_monsterinsights_skip_tracking":false,"_monsterinsights_sitenote_active":false,"_monsterinsights_sitenote_note":"","_monsterinsights_sitenote_category":0,"footnotes":""},"categories":[70,17,69,32,19],"tags":[3429,3486,1092,129,169,61],"class_list":["post-34143","post","type-post","status-publish","format-standard","has-post-thumbnail","hentry","category-destaques","category-euclides-da-cunha","category-noticias2","category-regiao","category-saude","tag-coronavirus","tag-covid-19","tag-empresario","tag-euclides-da-cunha","tag-morte","tag-saude"],"aioseo_notices":[],"_links":{"self":[{"href":"https:\/\/www.portalalerta.com.br\/index.php\/wp-json\/wp\/v2\/posts\/34143","targetHints":{"allow":["GET"]}}],"collection":[{"href":"https:\/\/www.portalalerta.com.br\/index.php\/wp-json\/wp\/v2\/posts"}],"about":[{"href":"https:\/\/www.portalalerta.com.br\/index.php\/wp-json\/wp\/v2\/types\/post"}],"author":[{"embeddable":true,"href":"https:\/\/www.portalalerta.com.br\/index.php\/wp-json\/wp\/v2\/users\/2"}],"replies":[{"embeddable":true,"href":"https:\/\/www.portalalerta.com.br\/index.php\/wp-json\/wp\/v2\/comments?post=34143"}],"version-history":[{"count":1,"href":"https:\/\/www.portalalerta.com.br\/index.php\/wp-json\/wp\/v2\/posts\/34143\/revisions"}],"predecessor-version":[{"id":34149,"href":"https:\/\/www.portalalerta.com.br\/index.php\/wp-json\/wp\/v2\/posts\/34143\/revisions\/34149"}],"wp:featuredmedia":[{"embeddable":true,"href":"https:\/\/www.portalalerta.com.br\/index.php\/wp-json\/wp\/v2\/media\/34148"}],"wp:attachment":[{"href":"https:\/\/www.portalalerta.com.br\/index.php\/wp-json\/wp\/v2\/media?parent=34143"}],"wp:term":[{"taxonomy":"category","embeddable":true,"href":"https:\/\/www.portalalerta.com.br\/index.php\/wp-json\/wp\/v2\/categories?post=34143"},{"taxonomy":"post_tag","embeddable":true,"href":"https:\/\/www.portalalerta.com.br\/index.php\/wp-json\/wp\/v2\/tags?post=34143"}],"curies":[{"name":"wp","href":"https:\/\/api.w.org\/{rel}","templated":true}]}}