{"id":34153,"date":"2021-04-07T08:00:00","date_gmt":"2021-04-07T11:00:00","guid":{"rendered":"https:\/\/www.portalalerta.com.br\/?p=34153"},"modified":"2021-04-06T22:28:59","modified_gmt":"2021-04-07T01:28:59","slug":"em-documento-ao-stf-procuradores-da-lava-jato-pedem-anulacao-da-suspeicao-de-moro","status":"publish","type":"post","link":"https:\/\/www.portalalerta.com.br\/index.php\/2021\/04\/07\/em-documento-ao-stf-procuradores-da-lava-jato-pedem-anulacao-da-suspeicao-de-moro\/","title":{"rendered":"Em documento ao STF, procuradores da Lava Jato pedem anula\u00e7\u00e3o da suspei\u00e7\u00e3o de Moro"},"content":{"rendered":"\n<p>Sete procuradores da Lava Jato enviaram na \u00faltima segunda (5) um documento aos 11 ministros do STF em que defendem a anula\u00e7\u00e3o da suspei\u00e7\u00e3o do ex-juiz Sergio Moro se o plen\u00e1rio da corte referendar a decis\u00e3o de Edson Fachin que reconheceu a incompet\u00eancia da Vara de Curitiba e reverteu as condena\u00e7\u00f5es do ex-presidente Lula.<\/p>\n\n\n\n<!--more-->\n\n\n\n<p>A pe\u00e7a \u00e9 um &#8220;memorial&#8221;, instrumento jur\u00eddico que apresenta argumentos aos ministros buscando influenciar em sua decis\u00e3o.<\/p>\n\n\n\n<p>A tese descrita \u00e9 que a suspei\u00e7\u00e3o de Moro n\u00e3o poderia ter sido julgada pela Segunda Turma do STF, no dia 23 de mar\u00e7o, antes da aprecia\u00e7\u00e3o pelo plen\u00e1rio da corte da decis\u00e3o de Fachin.<\/p>\n\n\n\n<div class=\"wp-block-image\"><figure class=\"alignleft size-large is-resized\"><img fetchpriority=\"high\" decoding=\"async\" src=\"https:\/\/www.portalalerta.com.br\/wp-content\/uploads\/2018\/07\/05elab.jpg\" alt=\"\" class=\"wp-image-9394\" width=\"366\" height=\"274\" srcset=\"https:\/\/www.portalalerta.com.br\/wp-content\/uploads\/2018\/07\/05elab.jpg 400w, https:\/\/www.portalalerta.com.br\/wp-content\/uploads\/2018\/07\/05elab-320x240.jpg 320w, https:\/\/www.portalalerta.com.br\/wp-content\/uploads\/2018\/07\/05elab-195x146.jpg 195w, https:\/\/www.portalalerta.com.br\/wp-content\/uploads\/2018\/07\/05elab-50x38.jpg 50w, https:\/\/www.portalalerta.com.br\/wp-content\/uploads\/2018\/07\/05elab-100x75.jpg 100w\" sizes=\"(max-width: 366px) 100vw, 366px\" \/><\/figure><\/div>\n\n\n\n<p>Relator da Lava Jato, Fachin surpreendeu os mundos jur\u00eddico e pol\u00edtico em 8 de mar\u00e7o, ao aceitar o argumento da defesa de Lula de que o foro para suas a\u00e7\u00f5es na Lava Jato n\u00e3o \u00e9 Curitiba.<\/p>\n\n\n\n<p>Ap\u00f3s recurso da Procuradoria Geral da Rep\u00fablica, Fachin remeteu sua decis\u00e3o para o plen\u00e1rio do STF. O presidente da corte, Luiz Fux, marcou o julgamento para 14 de abril.<\/p>\n\n\n\n<p>&#8220;Uma vez confirmada (se confirmada) a incompet\u00eancia do ju\u00edzo da Vara de Curitiba, entende-se que ficar\u00e1 prejudicada a quest\u00e3o relativa \u00e0 suspei\u00e7\u00e3o do ju\u00edzo&#8221;, diz o memorial, assinado pelos advogados Marcelo Knopfelmacher e Felipe Locke Cavalcanti.<\/p>\n\n\n\n<p>Eles representam os procuradores Deltan Dallagnol, Janu\u00e1rio Paludo, Laura Tessler, Orlando Martello, J\u00falio Carlos Noronha, Paulo Roberto Carvalho e Athayde Costa.<\/p>\n\n\n\n<p>Segundo os advogados dos procuradores, a decis\u00e3o de Fachin quanto ao foro resulta na perda do objeto relativo \u00e0 suspei\u00e7\u00e3o de Moro. Ou seja, na pr\u00e1tica, n\u00e3o teria validade.<\/p>\n\n\n\n<p>Ainda de acordo com o memorial dos procuradores, se o plen\u00e1rio do STF referendar a decis\u00e3o de Fachin, o processo de Lula retornar\u00e1 \u00e0 fase de recebimento da den\u00fancia apresentada pelo Minist\u00e9rio P\u00fablico Federal. Nesse caso, o magistrado de primeiro grau decidir\u00e1 se aproveita ou n\u00e3o os atos instrut\u00f3rios do processo.<\/p>\n\n\n\n<p>Ap\u00f3s a decis\u00e3o de Fachin, tr\u00eas casos de Lula foram remetidos \u00e0 Justi\u00e7a Federal de Bras\u00edlia, referentes ao tr\u00edplex, reformas no s\u00edtio de Atibaia usado pelo ex-presidente e compra de im\u00f3vel para o Instituto Lula pela Odebrecht.<\/p>\n\n\n\n<p>Ainda n\u00e3o est\u00e1 claro se os autos dos processos poder\u00e3o ser aproveitados pelos novos magistrados, ou se ter\u00e3o de ser anulados, como diz a defesa do ex-presidente.<\/p>\n\n\n\n<p><em>Fonte: Yahoo Not\u00edcias<\/em><\/p>\n","protected":false},"excerpt":{"rendered":"<p>Sete procuradores da Lava Jato enviaram na \u00faltima segunda (5) um documento aos 11 ministros do STF em que defendem a anula\u00e7\u00e3o da suspei\u00e7\u00e3o do ex-juiz Sergio Moro se o plen\u00e1rio da corte referendar a decis\u00e3o de Edson Fachin que reconheceu a incompet\u00eancia da Vara de Curitiba e reverteu as condena\u00e7\u00f5es do ex-presidente Lula.<\/p>\n","protected":false},"author":2,"featured_media":29206,"comment_status":"open","ping_status":"open","sticky":false,"template":"","format":"standard","meta":{"om_disable_all_campaigns":false,"_monsterinsights_skip_tracking":false,"_monsterinsights_sitenote_active":false,"_monsterinsights_sitenote_note":"","_monsterinsights_sitenote_category":0,"footnotes":""},"categories":[34,70,69],"tags":[93,247,303,3234,2865,443],"class_list":["post-34153","post","type-post","status-publish","format-standard","has-post-thumbnail","hentry","category-brasil","category-destaques","category-noticias2","tag-brasil","tag-lava-jato","tag-lula","tag-operacao-lava-jato","tag-procuradores","tag-sergio-moro"],"aioseo_notices":[],"_links":{"self":[{"href":"https:\/\/www.portalalerta.com.br\/index.php\/wp-json\/wp\/v2\/posts\/34153","targetHints":{"allow":["GET"]}}],"collection":[{"href":"https:\/\/www.portalalerta.com.br\/index.php\/wp-json\/wp\/v2\/posts"}],"about":[{"href":"https:\/\/www.portalalerta.com.br\/index.php\/wp-json\/wp\/v2\/types\/post"}],"author":[{"embeddable":true,"href":"https:\/\/www.portalalerta.com.br\/index.php\/wp-json\/wp\/v2\/users\/2"}],"replies":[{"embeddable":true,"href":"https:\/\/www.portalalerta.com.br\/index.php\/wp-json\/wp\/v2\/comments?post=34153"}],"version-history":[{"count":1,"href":"https:\/\/www.portalalerta.com.br\/index.php\/wp-json\/wp\/v2\/posts\/34153\/revisions"}],"predecessor-version":[{"id":34157,"href":"https:\/\/www.portalalerta.com.br\/index.php\/wp-json\/wp\/v2\/posts\/34153\/revisions\/34157"}],"wp:featuredmedia":[{"embeddable":true,"href":"https:\/\/www.portalalerta.com.br\/index.php\/wp-json\/wp\/v2\/media\/29206"}],"wp:attachment":[{"href":"https:\/\/www.portalalerta.com.br\/index.php\/wp-json\/wp\/v2\/media?parent=34153"}],"wp:term":[{"taxonomy":"category","embeddable":true,"href":"https:\/\/www.portalalerta.com.br\/index.php\/wp-json\/wp\/v2\/categories?post=34153"},{"taxonomy":"post_tag","embeddable":true,"href":"https:\/\/www.portalalerta.com.br\/index.php\/wp-json\/wp\/v2\/tags?post=34153"}],"curies":[{"name":"wp","href":"https:\/\/api.w.org\/{rel}","templated":true}]}}