{"id":34154,"date":"2021-04-07T08:01:00","date_gmt":"2021-04-07T11:01:00","guid":{"rendered":"https:\/\/www.portalalerta.com.br\/?p=34154"},"modified":"2021-04-06T22:37:45","modified_gmt":"2021-04-07T01:37:45","slug":"territorio-do-sisal-coronavirus-faz-novas-vitimas-fatais-em-araci-e-serrinha","status":"publish","type":"post","link":"https:\/\/www.portalalerta.com.br\/index.php\/2021\/04\/07\/territorio-do-sisal-coronavirus-faz-novas-vitimas-fatais-em-araci-e-serrinha\/","title":{"rendered":"Territ\u00f3rio do Sisal: Coronav\u00edrus faz novas v\u00edtimas fatais em Araci e Serrinha"},"content":{"rendered":"\n<p>A semana come\u00e7ou com o registro de quatro \u00f3bitos em consequ\u00eancia da Covid-19 no territ\u00f3rio do sisal. Araci que registrou um \u00f3bito e Serrinha tr\u00eas mortes por complica\u00e7\u00f5es do novo Coronav\u00edrus (Covid-19). As informa\u00e7\u00f5es est\u00e3o nos boletins dos referidos munic\u00edpios.<\/p>\n\n\n\n<!--more-->\n\n\n\n<p>Em Araci a v\u00edtima do sexo masculino de 53 anos, residia na comunidade da Barreira, era fumante, mas n\u00e3o possu\u00eda comorbidades. Ele estava internado no Hospital de Campanha Fonte Nova desde o dia 21\/03, e infelizmente veio a \u00f3bito na noite de domingo, 04.<\/p>\n\n\n\n<p>Araci agora contabiliza 38 \u00f3bitos por complica\u00e7\u00f5es da doen\u00e7a, o segundo com maior n\u00famero de mortes no territ\u00f3rio do sisal.<\/p>\n\n\n\n<div class=\"wp-block-image\"><figure class=\"aligncenter size-large\"><img fetchpriority=\"high\" decoding=\"async\" width=\"720\" height=\"181\" src=\"https:\/\/www.portalalerta.com.br\/wp-content\/uploads\/2018\/02\/Auto-Escola-Nobre.jpg\" alt=\"\" class=\"wp-image-4869\" srcset=\"https:\/\/www.portalalerta.com.br\/wp-content\/uploads\/2018\/02\/Auto-Escola-Nobre.jpg 720w, https:\/\/www.portalalerta.com.br\/wp-content\/uploads\/2018\/02\/Auto-Escola-Nobre-260x65.jpg 260w, https:\/\/www.portalalerta.com.br\/wp-content\/uploads\/2018\/02\/Auto-Escola-Nobre-50x13.jpg 50w, https:\/\/www.portalalerta.com.br\/wp-content\/uploads\/2018\/02\/Auto-Escola-Nobre-150x38.jpg 150w\" sizes=\"(max-width: 720px) 100vw, 720px\" \/><\/figure><\/div>\n\n\n\n<p>Desde que come\u00e7ou a pandemia 2.957 casos foram confirmados, destes, 2.796 est\u00e3o recuperados e 123 ativos. A taxa de letalidade em Araci \u00e9 de 1,28%.<\/p>\n\n\n\n<p>A Prefeitura de Serrinha tamb\u00e9m na noite da \u00faltima segunda-feira confirmou 03 \u00f3bitos, sendo dois homens e uma mulher.<\/p>\n\n\n\n<p>O primeiro \u00f3bito foi de um paciente de 66 anos, morador do S\u00edtio Baixa D\u2019\u00e1gua com hist\u00f3rico de insufici\u00eancia renal. O segundo, um paciente de 73 anos, morador da Colina das Mangueiras e que n\u00e3o possu\u00eda comorbidades. O terceiro \u00f3bito foi de uma paciente de 80 anos, moradora da Vaquejada e que n\u00e3o possu\u00eda comorbidades.<\/p>\n\n\n\n<p>O munic\u00edpio chegou a 55 \u00f3bitos desde o come\u00e7o da pandemia, tem 1,04% de taxa de letalidade. Os casos positivos chegaram a 5.246, enquanto 5.118 est\u00e3o recuperados.<\/p>\n\n\n\n<p>Serrinha registra um total de 82 casos suspeitos e 73 casos ativos.<\/p>\n\n\n\n<p>Araci e Serrinha est\u00e3o com taxa de letalidade abaixo do Estado da Bahia (1,92%) e da m\u00e9dia de todo Nordeste (2,34%) e o Brasil (2,45%).<\/p>\n\n\n\n<p><em>Fonte: Tribuna Sisaleira<\/em><\/p>\n","protected":false},"excerpt":{"rendered":"<p>A semana come\u00e7ou com o registro de quatro \u00f3bitos em consequ\u00eancia da Covid-19 no territ\u00f3rio do sisal. Araci que registrou um \u00f3bito e Serrinha tr\u00eas mortes por complica\u00e7\u00f5es do novo Coronav\u00edrus (Covid-19). As informa\u00e7\u00f5es est\u00e3o nos boletins dos referidos munic\u00edpios.<\/p>\n","protected":false},"author":2,"featured_media":33789,"comment_status":"open","ping_status":"open","sticky":false,"template":"","format":"standard","meta":{"om_disable_all_campaigns":false,"_monsterinsights_skip_tracking":false,"_monsterinsights_sitenote_active":false,"_monsterinsights_sitenote_note":"","_monsterinsights_sitenote_category":0,"footnotes":""},"categories":[41,70,69,32,19],"tags":[48,3429,3486,439,61,176],"class_list":["post-34154","post","type-post","status-publish","format-standard","has-post-thumbnail","hentry","category-araci","category-destaques","category-noticias2","category-regiao","category-saude","tag-araci","tag-coronavirus","tag-covid-19","tag-mortes","tag-saude","tag-serrinha"],"aioseo_notices":[],"_links":{"self":[{"href":"https:\/\/www.portalalerta.com.br\/index.php\/wp-json\/wp\/v2\/posts\/34154","targetHints":{"allow":["GET"]}}],"collection":[{"href":"https:\/\/www.portalalerta.com.br\/index.php\/wp-json\/wp\/v2\/posts"}],"about":[{"href":"https:\/\/www.portalalerta.com.br\/index.php\/wp-json\/wp\/v2\/types\/post"}],"author":[{"embeddable":true,"href":"https:\/\/www.portalalerta.com.br\/index.php\/wp-json\/wp\/v2\/users\/2"}],"replies":[{"embeddable":true,"href":"https:\/\/www.portalalerta.com.br\/index.php\/wp-json\/wp\/v2\/comments?post=34154"}],"version-history":[{"count":1,"href":"https:\/\/www.portalalerta.com.br\/index.php\/wp-json\/wp\/v2\/posts\/34154\/revisions"}],"predecessor-version":[{"id":34158,"href":"https:\/\/www.portalalerta.com.br\/index.php\/wp-json\/wp\/v2\/posts\/34154\/revisions\/34158"}],"wp:featuredmedia":[{"embeddable":true,"href":"https:\/\/www.portalalerta.com.br\/index.php\/wp-json\/wp\/v2\/media\/33789"}],"wp:attachment":[{"href":"https:\/\/www.portalalerta.com.br\/index.php\/wp-json\/wp\/v2\/media?parent=34154"}],"wp:term":[{"taxonomy":"category","embeddable":true,"href":"https:\/\/www.portalalerta.com.br\/index.php\/wp-json\/wp\/v2\/categories?post=34154"},{"taxonomy":"post_tag","embeddable":true,"href":"https:\/\/www.portalalerta.com.br\/index.php\/wp-json\/wp\/v2\/tags?post=34154"}],"curies":[{"name":"wp","href":"https:\/\/api.w.org\/{rel}","templated":true}]}}