{"id":34207,"date":"2021-04-08T15:02:00","date_gmt":"2021-04-08T18:02:00","guid":{"rendered":"https:\/\/www.portalalerta.com.br\/?p=34207"},"modified":"2021-04-08T00:04:33","modified_gmt":"2021-04-08T03:04:33","slug":"prefeitura-e-bombeiros-acertam-detalhes-para-construcao-da-sede-do-destacamento","status":"publish","type":"post","link":"https:\/\/www.portalalerta.com.br\/index.php\/2021\/04\/08\/prefeitura-e-bombeiros-acertam-detalhes-para-construcao-da-sede-do-destacamento\/","title":{"rendered":"Prefeitura e Bombeiros acertam detalhes para constru\u00e7\u00e3o da sede do Destacamento"},"content":{"rendered":"\n<p>Ribeira do Pombal recebeu nessa quarta-feira (07), uma comiss\u00e3o dos Bombeiros da Bahia liderada pelo Tenente Coronel BM Rog\u00e9rio Cerqueira Dias, Comandante do 15\u00ba Grupamento de Bombeiros Militar \u2013 Paulo Afonso, com o objetivo de atualizar o estudo de viabilidade t\u00e9cnica realizado h\u00e1 dois anos. A a\u00e7\u00e3o \u00e9 resultado da autoriza\u00e7\u00e3o dada pelo Governo do Estado para a instala\u00e7\u00e3o de um subgrupamento do corpo de bombeiros do 15\u00b0 GBM para a regi\u00e3o.<\/p>\n\n\n\n<!--more-->\n\n\n\n<div class=\"wp-block-image\"><figure class=\"alignleft size-large is-resized\"><img fetchpriority=\"high\" decoding=\"async\" src=\"https:\/\/www.portalalerta.com.br\/wp-content\/uploads\/2018\/07\/05elab.jpg\" alt=\"\" class=\"wp-image-9394\" width=\"346\" height=\"259\" srcset=\"https:\/\/www.portalalerta.com.br\/wp-content\/uploads\/2018\/07\/05elab.jpg 400w, https:\/\/www.portalalerta.com.br\/wp-content\/uploads\/2018\/07\/05elab-320x240.jpg 320w, https:\/\/www.portalalerta.com.br\/wp-content\/uploads\/2018\/07\/05elab-195x146.jpg 195w, https:\/\/www.portalalerta.com.br\/wp-content\/uploads\/2018\/07\/05elab-50x38.jpg 50w, https:\/\/www.portalalerta.com.br\/wp-content\/uploads\/2018\/07\/05elab-100x75.jpg 100w\" sizes=\"(max-width: 346px) 100vw, 346px\" \/><\/figure><\/div>\n\n\n\n<p>Ap\u00f3s a visita dos representes do corpo de bombeiro, acompanhados do prefeito Eriksson com o secret\u00e1rio de Administra\u00e7\u00e3o, Cl\u00e9cio Fernando, ficou aprovado definitivamente o local, ser\u00e1 no terreno da antiga EBDA, paralela \u00e0 BR410, ao lado do novo Parque de Vaquejada que est\u00e1 sendo erguido tamb\u00e9m pela Prefeitura. O pr\u00f3ximo passo ser\u00e1 constru\u00e7\u00e3o da base que ser\u00e1 realizada pelo Munic\u00edpio e projetada em di\u00e1logo entre a engenharia da Prefeitura e do \u00f3rg\u00e3o.<\/p>\n\n\n\n<p>O prefeito Eriksson considerou essa, uma grande conquista para o povo pombalense. <strong><em>\u201cAssim que assumi o mandato retomei imediatamente o di\u00e1logo sobre esse projeto t\u00e3o importante; e agora fico muito feliz em dar esse passo fundamental: finalmente estamos pr\u00f3ximos de ver sair do papel e Ribeira do Pombal sediar um destacamento com cerca de 30 agentes, que vai atender toda a regi\u00e3o\u201d<\/em><\/strong>, disse ele.<\/p>\n\n\n\n<p><em>Fonte: SECOM\/ Ribeira do Pombal<\/em><\/p>\n","protected":false},"excerpt":{"rendered":"<p>Ribeira do Pombal recebeu nessa quarta-feira (07), uma comiss\u00e3o dos Bombeiros da Bahia liderada pelo Tenente Coronel BM Rog\u00e9rio Cerqueira Dias, Comandante do 15\u00ba Grupamento de Bombeiros Militar \u2013 Paulo Afonso, com o objetivo de atualizar o estudo de viabilidade t\u00e9cnica realizado h\u00e1 dois anos. A a\u00e7\u00e3o \u00e9 resultado da autoriza\u00e7\u00e3o dada pelo Governo do &hellip;<\/p>\n","protected":false},"author":2,"featured_media":34210,"comment_status":"open","ping_status":"open","sticky":false,"template":"","format":"standard","meta":{"om_disable_all_campaigns":false,"_monsterinsights_skip_tracking":false,"_monsterinsights_sitenote_active":false,"_monsterinsights_sitenote_note":"","_monsterinsights_sitenote_category":0,"footnotes":""},"categories":[70,69,32,3],"tags":[1081,145,47],"class_list":["post-34207","post","type-post","status-publish","format-standard","has-post-thumbnail","hentry","category-destaques","category-noticias2","category-regiao","category-ribeira-do-pombal","tag-corpo-de-bombeiros","tag-prefeitura","tag-ribeira-do-pombal"],"aioseo_notices":[],"_links":{"self":[{"href":"https:\/\/www.portalalerta.com.br\/index.php\/wp-json\/wp\/v2\/posts\/34207","targetHints":{"allow":["GET"]}}],"collection":[{"href":"https:\/\/www.portalalerta.com.br\/index.php\/wp-json\/wp\/v2\/posts"}],"about":[{"href":"https:\/\/www.portalalerta.com.br\/index.php\/wp-json\/wp\/v2\/types\/post"}],"author":[{"embeddable":true,"href":"https:\/\/www.portalalerta.com.br\/index.php\/wp-json\/wp\/v2\/users\/2"}],"replies":[{"embeddable":true,"href":"https:\/\/www.portalalerta.com.br\/index.php\/wp-json\/wp\/v2\/comments?post=34207"}],"version-history":[{"count":1,"href":"https:\/\/www.portalalerta.com.br\/index.php\/wp-json\/wp\/v2\/posts\/34207\/revisions"}],"predecessor-version":[{"id":34211,"href":"https:\/\/www.portalalerta.com.br\/index.php\/wp-json\/wp\/v2\/posts\/34207\/revisions\/34211"}],"wp:featuredmedia":[{"embeddable":true,"href":"https:\/\/www.portalalerta.com.br\/index.php\/wp-json\/wp\/v2\/media\/34210"}],"wp:attachment":[{"href":"https:\/\/www.portalalerta.com.br\/index.php\/wp-json\/wp\/v2\/media?parent=34207"}],"wp:term":[{"taxonomy":"category","embeddable":true,"href":"https:\/\/www.portalalerta.com.br\/index.php\/wp-json\/wp\/v2\/categories?post=34207"},{"taxonomy":"post_tag","embeddable":true,"href":"https:\/\/www.portalalerta.com.br\/index.php\/wp-json\/wp\/v2\/tags?post=34207"}],"curies":[{"name":"wp","href":"https:\/\/api.w.org\/{rel}","templated":true}]}}