{"id":34219,"date":"2021-04-08T19:00:00","date_gmt":"2021-04-08T22:00:00","guid":{"rendered":"https:\/\/www.portalalerta.com.br\/?p=34219"},"modified":"2021-04-08T10:54:55","modified_gmt":"2021-04-08T13:54:55","slug":"operacao-policial-contra-o-trafico-de-drogas-termina-com-tres-presos-e-um-morto-em-euclides-da-cunha-ba","status":"publish","type":"post","link":"https:\/\/www.portalalerta.com.br\/index.php\/2021\/04\/08\/operacao-policial-contra-o-trafico-de-drogas-termina-com-tres-presos-e-um-morto-em-euclides-da-cunha-ba\/","title":{"rendered":"Opera\u00e7\u00e3o Policial contra o tr\u00e1fico de drogas, termina com tr\u00eas presos e um morto, em Euclides da Cunha-BA"},"content":{"rendered":"\n<p>Por volta das 15:00hs da \u00faltima quarta-feira (07), policiais militares do Servi\u00e7o de Intelig\u00eancia do 5\u00ba Batalh\u00e3o, em Euclides da Cunha-BA, foram at\u00e9 o bairro Casinhas, no referido munic\u00edpio, com a finalidade de investigarem uma suposta pr\u00e1tica de tr\u00e1fico de drogas.<\/p>\n\n\n\n<!--more-->\n\n\n\n<p>Ao se aproximarem de um grupo de pessoas que se encontrava em atitude suspeita, os policiais foram surpreendidos por disparos de arma de fogo, sendo necess\u00e1rio o revide. Na a\u00e7\u00e3o, um dos criminosos foi encontrado ca\u00eddo ao solo, ap\u00f3s ter sido baleado, tendo sob a sua posse, um rev\u00f3lver cal. 38 com numera\u00e7\u00e3o rapada, contendo seis muni\u00e7\u00f5es, sendo quatro deflagradas e duas intactas. O criminoso identificado como F\u00e1bio Junior, chegou a ser socorrido para o Hospital Portugu\u00eas\/ ACM, por\u00e9m n\u00e3o resistiu e teve o seu \u00f3bito contatado pela equipe m\u00e9dica.<\/p>\n\n\n\n<div class=\"wp-block-image\"><figure class=\"aligncenter size-large\"><img fetchpriority=\"high\" decoding=\"async\" width=\"720\" height=\"181\" src=\"https:\/\/www.portalalerta.com.br\/wp-content\/uploads\/2018\/02\/Auto-Escola-Nobre.jpg\" alt=\"\" class=\"wp-image-4869\" srcset=\"https:\/\/www.portalalerta.com.br\/wp-content\/uploads\/2018\/02\/Auto-Escola-Nobre.jpg 720w, https:\/\/www.portalalerta.com.br\/wp-content\/uploads\/2018\/02\/Auto-Escola-Nobre-260x65.jpg 260w, https:\/\/www.portalalerta.com.br\/wp-content\/uploads\/2018\/02\/Auto-Escola-Nobre-50x13.jpg 50w, https:\/\/www.portalalerta.com.br\/wp-content\/uploads\/2018\/02\/Auto-Escola-Nobre-150x38.jpg 150w\" sizes=\"(max-width: 720px) 100vw, 720px\" \/><\/figure><\/div>\n\n\n\n<p>Al\u00e9m de F\u00e1bio Junior, os policiais prenderam mais tr\u00eas pessoas, e apreenderam: 72 pedras de crack, uma por\u00e7\u00e3o de maconha, 05 aparelhos celulares, 02 motocicletas, e uma quantia de R$ 360,00 em esp\u00e9cie.<\/p>\n\n\n\n<p>O trio, bem como o material apreendido, foram conduzidos e apresentados no Complexo Policial da cidade, para a ado\u00e7\u00e3o das medidas cab\u00edveis.<\/p>\n\n\n\n<p>Segundo informa\u00e7\u00f5es, F\u00e1bio Junior tinha em seu desfavor dois mandados de pris\u00e3o, sendo que um deles, era apontado como autor de homic\u00eddio que vitimou o jovem Rafael, crime ocorrido em mar\u00e7o do corrente ano. <strong><a href=\"https:\/\/www.portalalerta.com.br\/index.php\/2021\/03\/12\/homem-e-executado-a-tiros-em-euclides-da-cunha-ba\/\">Relembre<\/a><\/strong><\/p>\n\n\n\n<p><em>Reda\u00e7\u00e3o: Portal Alerta<\/em><\/p>\n\n\n\n<p><strong><em>#fiqueemcasa<\/em><\/strong><\/p>\n\n\n\n<p><strong><em>#usemascaras<\/em><\/strong><\/p>\n","protected":false},"excerpt":{"rendered":"<p>Por volta das 15:00hs da \u00faltima quarta-feira (07), policiais militares do Servi\u00e7o de Intelig\u00eancia do 5\u00ba Batalh\u00e3o, em Euclides da Cunha-BA, foram at\u00e9 o bairro Casinhas, no referido munic\u00edpio, com a finalidade de investigarem uma suposta pr\u00e1tica de tr\u00e1fico de drogas.<\/p>\n","protected":false},"author":2,"featured_media":34221,"comment_status":"open","ping_status":"open","sticky":false,"template":"","format":"standard","meta":{"om_disable_all_campaigns":false,"_monsterinsights_skip_tracking":false,"_monsterinsights_sitenote_active":false,"_monsterinsights_sitenote_note":"","_monsterinsights_sitenote_category":0,"footnotes":""},"categories":[70,17,69,32,22],"tags":[387,178,129,258,488,169,79,83,110,525,76],"class_list":["post-34219","post","type-post","status-publish","format-standard","has-post-thumbnail","hentry","category-destaques","category-euclides-da-cunha","category-noticias2","category-regiao","category-seguranca","tag-5o-bpm","tag-confronto","tag-euclides-da-cunha","tag-homicida","tag-mandado-de-prisao","tag-morte","tag-policia-militar","tag-porte-ilegal-de-arma-de-fogo","tag-presos","tag-servico-de-inteligencia","tag-trafico-de-drogas"],"aioseo_notices":[],"_links":{"self":[{"href":"https:\/\/www.portalalerta.com.br\/index.php\/wp-json\/wp\/v2\/posts\/34219","targetHints":{"allow":["GET"]}}],"collection":[{"href":"https:\/\/www.portalalerta.com.br\/index.php\/wp-json\/wp\/v2\/posts"}],"about":[{"href":"https:\/\/www.portalalerta.com.br\/index.php\/wp-json\/wp\/v2\/types\/post"}],"author":[{"embeddable":true,"href":"https:\/\/www.portalalerta.com.br\/index.php\/wp-json\/wp\/v2\/users\/2"}],"replies":[{"embeddable":true,"href":"https:\/\/www.portalalerta.com.br\/index.php\/wp-json\/wp\/v2\/comments?post=34219"}],"version-history":[{"count":1,"href":"https:\/\/www.portalalerta.com.br\/index.php\/wp-json\/wp\/v2\/posts\/34219\/revisions"}],"predecessor-version":[{"id":34222,"href":"https:\/\/www.portalalerta.com.br\/index.php\/wp-json\/wp\/v2\/posts\/34219\/revisions\/34222"}],"wp:featuredmedia":[{"embeddable":true,"href":"https:\/\/www.portalalerta.com.br\/index.php\/wp-json\/wp\/v2\/media\/34221"}],"wp:attachment":[{"href":"https:\/\/www.portalalerta.com.br\/index.php\/wp-json\/wp\/v2\/media?parent=34219"}],"wp:term":[{"taxonomy":"category","embeddable":true,"href":"https:\/\/www.portalalerta.com.br\/index.php\/wp-json\/wp\/v2\/categories?post=34219"},{"taxonomy":"post_tag","embeddable":true,"href":"https:\/\/www.portalalerta.com.br\/index.php\/wp-json\/wp\/v2\/tags?post=34219"}],"curies":[{"name":"wp","href":"https:\/\/api.w.org\/{rel}","templated":true}]}}