{"id":34229,"date":"2021-04-09T14:36:13","date_gmt":"2021-04-09T17:36:13","guid":{"rendered":"https:\/\/www.portalalerta.com.br\/?p=34229"},"modified":"2021-04-09T14:36:15","modified_gmt":"2021-04-09T17:36:15","slug":"2a-dose-da-vacina-contra-a-covid-19-ja-esta-disponivel-para-quem-recebeu-a-1a-dose-entre-os-dias-12-e-15-03-em-ribeira-do-amparo-ba","status":"publish","type":"post","link":"https:\/\/www.portalalerta.com.br\/index.php\/2021\/04\/09\/2a-dose-da-vacina-contra-a-covid-19-ja-esta-disponivel-para-quem-recebeu-a-1a-dose-entre-os-dias-12-e-15-03-em-ribeira-do-amparo-ba\/","title":{"rendered":"2\u00aa dose da vacina contra a Covid-19, j\u00e1 est\u00e1 dispon\u00edvel para quem recebeu a 1\u00aa dose entre os dias 12 e 15\/03, em Ribeira do Amparo-BA"},"content":{"rendered":"\n<p>O munic\u00edpio de Ribeira do Amparo-BA divulgou que iniciou nesta sexta-feira (09) a aplica\u00e7\u00e3o da 2\u00aa dose da vacina contra a Covid-19 (Coronav\u00edrus).<\/p>\n\n\n\n<!--more-->\n\n\n\n<p>Esta etapa, \u00e9 especificamente para as pessoas que receberam a 1\u00aa dose entre os dias 12 e 15 de mar\u00e7o. Estas pessoas devem seguir para as Unidades B\u00e1sicas de Sa\u00fade de Barrocas, ou Nelson Barros, a depender de onde tenha sido imunizado pela primeira vez. Nesta sexta-feira, a vacina\u00e7\u00e3o dever\u00e1 seguir at\u00e9 \u00e0s 16:00hs.<\/p>\n\n\n\n<p>Ainda de acordo com o munic\u00edpio, at\u00e9 a \u00faltima quinta-feira (08), 1.831 pessoas j\u00e1 tinha sido vacinadas, destas, 518 receberam a segunda dose.<\/p>\n\n\n\n<p><em>Reda\u00e7\u00e3o: Portal Alerta<\/em><\/p>\n\n\n\n<p><strong><em>#fiqueemcasa<\/em><\/strong><\/p>\n\n\n\n<p><strong><em>#usemascaras &nbsp;<\/em><\/strong><\/p>\n","protected":false},"excerpt":{"rendered":"<p>O munic\u00edpio de Ribeira do Amparo-BA divulgou que iniciou nesta sexta-feira (09) a aplica\u00e7\u00e3o da 2\u00aa dose da vacina contra a Covid-19 (Coronav\u00edrus).<\/p>\n","protected":false},"author":2,"featured_media":32562,"comment_status":"open","ping_status":"open","sticky":false,"template":"","format":"standard","meta":{"om_disable_all_campaigns":false,"_monsterinsights_skip_tracking":false,"_monsterinsights_sitenote_active":false,"_monsterinsights_sitenote_note":"","_monsterinsights_sitenote_category":0,"footnotes":""},"categories":[70,69,32,16,19],"tags":[4388,3429,3486,88,61,3570,371],"class_list":["post-34229","post","type-post","status-publish","format-standard","has-post-thumbnail","hentry","category-destaques","category-noticias2","category-regiao","category-ribeira-do-amparo","category-saude","tag-2a-dose","tag-coronavirus","tag-covid-19","tag-ribeira-do-amparo","tag-saude","tag-vacina","tag-vacinacao"],"aioseo_notices":[],"_links":{"self":[{"href":"https:\/\/www.portalalerta.com.br\/index.php\/wp-json\/wp\/v2\/posts\/34229","targetHints":{"allow":["GET"]}}],"collection":[{"href":"https:\/\/www.portalalerta.com.br\/index.php\/wp-json\/wp\/v2\/posts"}],"about":[{"href":"https:\/\/www.portalalerta.com.br\/index.php\/wp-json\/wp\/v2\/types\/post"}],"author":[{"embeddable":true,"href":"https:\/\/www.portalalerta.com.br\/index.php\/wp-json\/wp\/v2\/users\/2"}],"replies":[{"embeddable":true,"href":"https:\/\/www.portalalerta.com.br\/index.php\/wp-json\/wp\/v2\/comments?post=34229"}],"version-history":[{"count":1,"href":"https:\/\/www.portalalerta.com.br\/index.php\/wp-json\/wp\/v2\/posts\/34229\/revisions"}],"predecessor-version":[{"id":34234,"href":"https:\/\/www.portalalerta.com.br\/index.php\/wp-json\/wp\/v2\/posts\/34229\/revisions\/34234"}],"wp:featuredmedia":[{"embeddable":true,"href":"https:\/\/www.portalalerta.com.br\/index.php\/wp-json\/wp\/v2\/media\/32562"}],"wp:attachment":[{"href":"https:\/\/www.portalalerta.com.br\/index.php\/wp-json\/wp\/v2\/media?parent=34229"}],"wp:term":[{"taxonomy":"category","embeddable":true,"href":"https:\/\/www.portalalerta.com.br\/index.php\/wp-json\/wp\/v2\/categories?post=34229"},{"taxonomy":"post_tag","embeddable":true,"href":"https:\/\/www.portalalerta.com.br\/index.php\/wp-json\/wp\/v2\/tags?post=34229"}],"curies":[{"name":"wp","href":"https:\/\/api.w.org\/{rel}","templated":true}]}}