{"id":34230,"date":"2021-04-09T15:41:43","date_gmt":"2021-04-09T18:41:43","guid":{"rendered":"https:\/\/www.portalalerta.com.br\/?p=34230"},"modified":"2021-04-09T15:41:44","modified_gmt":"2021-04-09T18:41:44","slug":"falta-lhe-coragem-moral-diz-bolsonaro-sobre-barroso","status":"publish","type":"post","link":"https:\/\/www.portalalerta.com.br\/index.php\/2021\/04\/09\/falta-lhe-coragem-moral-diz-bolsonaro-sobre-barroso\/","title":{"rendered":"&#8216;Falta-lhe coragem moral&#8217;, diz Bolsonaro sobre Barroso"},"content":{"rendered":"\n<p><em>Presidente cobrou ao ministro uma investiga\u00e7\u00e3o contra governadores e prefeitos e a abertura de processos de impeachment contra seus colegas do STF<\/em><\/p>\n\n\n\n<!--more-->\n\n\n\n<div class=\"wp-block-image\"><figure class=\"alignleft size-large is-resized\"><img fetchpriority=\"high\" decoding=\"async\" src=\"https:\/\/www.portalalerta.com.br\/wp-content\/uploads\/2021\/03\/Real-Calcados.jpeg\" alt=\"\" class=\"wp-image-33350\" width=\"358\" height=\"358\"\/><\/figure><\/div>\n\n\n\n<p>O presidente da Rep\u00fablica Jair Bolsonaro (sem partido) cobrou nesta sexta-feira (9) ao ministro do Supremo Tribunal Federal (STF) Lu\u00eds Roberto Barroso, ap\u00f3s a determina\u00e7\u00e3o de abertura de uma Comiss\u00e3o Parlamentar de Inqu\u00e9rito (CPI) contra ele,&nbsp;que uma investiga\u00e7\u00e3o contra governadores e prefeitos tamb\u00e9m seja aberta, al\u00e9m&nbsp;de processos de impeachment contra ministros do STF.<\/p>\n\n\n\n<p>Na \u00faltima quinta-feira (8), Barroso determinou que a instala\u00e7\u00e3o da CPI que investiga omiss\u00f5es do governo federal no enfrentamento \u00e0 pandemia no Senado. Bolsonaro classificou a decis\u00e3o como \u201cuma jogadinha casada\u201d do ministro, que ele afirma ser da \u201cbancada esquerda do Senado\u201d, \u201cpara desgastar o governo\u201d.&nbsp;<\/p>\n\n\n\n<p>Al\u00e9m disso, o presidente acusou Barroso de omiss\u00e3o por n\u00e3o instalar processos de impeachment contra \u201cos seus colegas\u201d do STF. Sobre isso, ele afirma que <strong><em>\u201cfalta-lhe coragem moral e sobra-lhe impr\u00f3pria milit\u00e2ncia pol\u00edtica\u201d<\/em><\/strong>.<\/p>\n\n\n\n<p><em>Fonte: Metro1<\/em><\/p>\n","protected":false},"excerpt":{"rendered":"<p>Presidente cobrou ao ministro uma investiga\u00e7\u00e3o contra governadores e prefeitos e a abertura de processos de impeachment contra seus colegas do STF<\/p>\n","protected":false},"author":2,"featured_media":27477,"comment_status":"open","ping_status":"open","sticky":false,"template":"","format":"standard","meta":{"om_disable_all_campaigns":false,"_monsterinsights_skip_tracking":false,"_monsterinsights_sitenote_active":false,"_monsterinsights_sitenote_note":"","_monsterinsights_sitenote_category":0,"footnotes":""},"categories":[34,70,69,21,19],"tags":[93,3429,3486,721,1395,805,3742,1152,61],"class_list":["post-34230","post","type-post","status-publish","format-standard","has-post-thumbnail","hentry","category-brasil","category-destaques","category-noticias2","category-politica","category-saude","tag-brasil","tag-coronavirus","tag-covid-19","tag-cpi","tag-jair-bolsonaro","tag-luiz-roberto-barroso","tag-pandemia","tag-presidente-da-republica","tag-saude"],"aioseo_notices":[],"_links":{"self":[{"href":"https:\/\/www.portalalerta.com.br\/index.php\/wp-json\/wp\/v2\/posts\/34230","targetHints":{"allow":["GET"]}}],"collection":[{"href":"https:\/\/www.portalalerta.com.br\/index.php\/wp-json\/wp\/v2\/posts"}],"about":[{"href":"https:\/\/www.portalalerta.com.br\/index.php\/wp-json\/wp\/v2\/types\/post"}],"author":[{"embeddable":true,"href":"https:\/\/www.portalalerta.com.br\/index.php\/wp-json\/wp\/v2\/users\/2"}],"replies":[{"embeddable":true,"href":"https:\/\/www.portalalerta.com.br\/index.php\/wp-json\/wp\/v2\/comments?post=34230"}],"version-history":[{"count":1,"href":"https:\/\/www.portalalerta.com.br\/index.php\/wp-json\/wp\/v2\/posts\/34230\/revisions"}],"predecessor-version":[{"id":34235,"href":"https:\/\/www.portalalerta.com.br\/index.php\/wp-json\/wp\/v2\/posts\/34230\/revisions\/34235"}],"wp:featuredmedia":[{"embeddable":true,"href":"https:\/\/www.portalalerta.com.br\/index.php\/wp-json\/wp\/v2\/media\/27477"}],"wp:attachment":[{"href":"https:\/\/www.portalalerta.com.br\/index.php\/wp-json\/wp\/v2\/media?parent=34230"}],"wp:term":[{"taxonomy":"category","embeddable":true,"href":"https:\/\/www.portalalerta.com.br\/index.php\/wp-json\/wp\/v2\/categories?post=34230"},{"taxonomy":"post_tag","embeddable":true,"href":"https:\/\/www.portalalerta.com.br\/index.php\/wp-json\/wp\/v2\/tags?post=34230"}],"curies":[{"name":"wp","href":"https:\/\/api.w.org\/{rel}","templated":true}]}}