{"id":34237,"date":"2021-04-09T18:12:21","date_gmt":"2021-04-09T21:12:21","guid":{"rendered":"https:\/\/www.portalalerta.com.br\/?p=34237"},"modified":"2021-04-09T18:12:22","modified_gmt":"2021-04-09T21:12:22","slug":"secretario-da-receita-foi-a-casa-de-flavio-bolsonaro-para-levar-informacoes-diz-revista","status":"publish","type":"post","link":"https:\/\/www.portalalerta.com.br\/index.php\/2021\/04\/09\/secretario-da-receita-foi-a-casa-de-flavio-bolsonaro-para-levar-informacoes-diz-revista\/","title":{"rendered":"Secret\u00e1rio da Receita foi \u00e0 casa de Fl\u00e1vio Bolsonaro para levar informa\u00e7\u00f5es, diz revista"},"content":{"rendered":"\n<p><em>Segundo coluna, Jos\u00e9 Tostes Neto mostrou planilha com datas e nomes de quem havia acessado perfil do senador, que enfraquece tese da sua defesa<\/em><\/p>\n\n\n\n<!--more-->\n\n\n\n<p>O Secret\u00e1rio da Receita Federal, Jos\u00e9 Tostes Neto, foi \u00e0 casa do senador Fl\u00e1vio Bolsonaro (Republicanos-RJ) para tirar d\u00favidas sobre a\u00e7\u00f5es do \u00f3rg\u00e3o. O encontro aconteceu no apartamento do filho do presidente da Rep\u00fablica Jair Bolsonaro (sem partido), na Asa Sul, em Bras\u00edlia, no dia 17 de setembro de 2020. Tamb\u00e9m estava presente&nbsp;a advogada de Fl\u00e1vio, Luciana Pires. A informa\u00e7\u00e3o \u00e9 da coluna de Guilherme Amado, da revista \u00c9poca.<\/p>\n\n\n\n<div class=\"wp-block-image\"><figure class=\"alignleft size-large is-resized\"><img fetchpriority=\"high\" decoding=\"async\" src=\"https:\/\/www.portalalerta.com.br\/wp-content\/uploads\/2018\/07\/05elab.jpg\" alt=\"\" class=\"wp-image-9394\" width=\"330\" height=\"248\" srcset=\"https:\/\/www.portalalerta.com.br\/wp-content\/uploads\/2018\/07\/05elab.jpg 400w, https:\/\/www.portalalerta.com.br\/wp-content\/uploads\/2018\/07\/05elab-320x240.jpg 320w, https:\/\/www.portalalerta.com.br\/wp-content\/uploads\/2018\/07\/05elab-195x146.jpg 195w, https:\/\/www.portalalerta.com.br\/wp-content\/uploads\/2018\/07\/05elab-50x38.jpg 50w, https:\/\/www.portalalerta.com.br\/wp-content\/uploads\/2018\/07\/05elab-100x75.jpg 100w\" sizes=\"(max-width: 330px) 100vw, 330px\" \/><\/figure><\/div>\n\n\n\n<p>De acordo com o texto, no dia do encontro, Tostes Neto mostrou aos presentes uma planilha com datas e nomes de quem havia acessado o perfil do senador. Os dados mostrados enfraquecem a tese da defesa de que ele teria sido alvo de um acesso ilegal na Receita para obter dados que geraram o inqu\u00e9rito das \u201crachadinhas\u201d.<\/p>\n\n\n\n<p>Na \u00faltima quarta-feira (7),\u00a0o diretor-geral da Ag\u00eancia Brasileira de Intelig\u00eancia (Abin), Alexandre Ramagem, anunciou\u00a0que o resultado de sindic\u00e2ncia interna do \u00f3rg\u00e3o concluiu que\u00a0n\u00e3o houve produ\u00e7\u00e3o de relat\u00f3rios para orientar a defesa de Fl\u00e1vio Bolsonaro no caso das rachadinhas.\u00a0O Gabinete de Seguran\u00e7a Institucional da Presid\u00eancia da Rep\u00fablica (GSI) informou que\u00a0\u201ch\u00e1 fortes ind\u00edcios da participa\u00e7\u00e3o de um servidor, que falseou a verdade e repassou informa\u00e7\u00f5es \u00e0 imprensa\u201d, mas n\u00e3o mostou provas.<\/p>\n\n\n\n<p><em>Fonte: Metro1<\/em><\/p>\n","protected":false},"excerpt":{"rendered":"<p>Segundo coluna, Jos\u00e9 Tostes Neto mostrou planilha com datas e nomes de quem havia acessado perfil do senador, que enfraquece tese da sua defesa<\/p>\n","protected":false},"author":2,"featured_media":34241,"comment_status":"open","ping_status":"open","sticky":false,"template":"","format":"standard","meta":{"om_disable_all_campaigns":false,"_monsterinsights_skip_tracking":false,"_monsterinsights_sitenote_active":false,"_monsterinsights_sitenote_note":"","_monsterinsights_sitenote_category":0,"footnotes":""},"categories":[34,70,69,21],"tags":[93,1976,659,233],"class_list":["post-34237","post","type-post","status-publish","format-standard","has-post-thumbnail","hentry","category-brasil","category-destaques","category-noticias2","category-politica","tag-brasil","tag-flavio-bolsonaro","tag-receita-federal","tag-senador"],"aioseo_notices":[],"_links":{"self":[{"href":"https:\/\/www.portalalerta.com.br\/index.php\/wp-json\/wp\/v2\/posts\/34237","targetHints":{"allow":["GET"]}}],"collection":[{"href":"https:\/\/www.portalalerta.com.br\/index.php\/wp-json\/wp\/v2\/posts"}],"about":[{"href":"https:\/\/www.portalalerta.com.br\/index.php\/wp-json\/wp\/v2\/types\/post"}],"author":[{"embeddable":true,"href":"https:\/\/www.portalalerta.com.br\/index.php\/wp-json\/wp\/v2\/users\/2"}],"replies":[{"embeddable":true,"href":"https:\/\/www.portalalerta.com.br\/index.php\/wp-json\/wp\/v2\/comments?post=34237"}],"version-history":[{"count":1,"href":"https:\/\/www.portalalerta.com.br\/index.php\/wp-json\/wp\/v2\/posts\/34237\/revisions"}],"predecessor-version":[{"id":34242,"href":"https:\/\/www.portalalerta.com.br\/index.php\/wp-json\/wp\/v2\/posts\/34237\/revisions\/34242"}],"wp:featuredmedia":[{"embeddable":true,"href":"https:\/\/www.portalalerta.com.br\/index.php\/wp-json\/wp\/v2\/media\/34241"}],"wp:attachment":[{"href":"https:\/\/www.portalalerta.com.br\/index.php\/wp-json\/wp\/v2\/media?parent=34237"}],"wp:term":[{"taxonomy":"category","embeddable":true,"href":"https:\/\/www.portalalerta.com.br\/index.php\/wp-json\/wp\/v2\/categories?post=34237"},{"taxonomy":"post_tag","embeddable":true,"href":"https:\/\/www.portalalerta.com.br\/index.php\/wp-json\/wp\/v2\/tags?post=34237"}],"curies":[{"name":"wp","href":"https:\/\/api.w.org\/{rel}","templated":true}]}}