{"id":34238,"date":"2021-04-09T18:24:18","date_gmt":"2021-04-09T21:24:18","guid":{"rendered":"https:\/\/www.portalalerta.com.br\/?p=34238"},"modified":"2021-04-09T18:24:19","modified_gmt":"2021-04-09T21:24:19","slug":"prefeitura-de-nova-soure-ba-firma-parceria-estrategica-com-o-inss","status":"publish","type":"post","link":"https:\/\/www.portalalerta.com.br\/index.php\/2021\/04\/09\/prefeitura-de-nova-soure-ba-firma-parceria-estrategica-com-o-inss\/","title":{"rendered":"Prefeitura de Nova Soure-BA firma parceria estrat\u00e9gica com o INSS"},"content":{"rendered":"\n<p>O munic\u00edpio de Nova Soure-BA divulgou que firmou uma parceria com o INSS (Instituto Nacional do Seguro Social).<\/p>\n\n\n\n<!--more-->\n\n\n\n<div class=\"wp-block-image\"><figure class=\"aligncenter size-large\"><img fetchpriority=\"high\" decoding=\"async\" width=\"720\" height=\"181\" src=\"https:\/\/www.portalalerta.com.br\/wp-content\/uploads\/2018\/02\/Auto-Escola-Nobre.jpg\" alt=\"\" class=\"wp-image-4869\" srcset=\"https:\/\/www.portalalerta.com.br\/wp-content\/uploads\/2018\/02\/Auto-Escola-Nobre.jpg 720w, https:\/\/www.portalalerta.com.br\/wp-content\/uploads\/2018\/02\/Auto-Escola-Nobre-260x65.jpg 260w, https:\/\/www.portalalerta.com.br\/wp-content\/uploads\/2018\/02\/Auto-Escola-Nobre-50x13.jpg 50w, https:\/\/www.portalalerta.com.br\/wp-content\/uploads\/2018\/02\/Auto-Escola-Nobre-150x38.jpg 150w\" sizes=\"(max-width: 720px) 100vw, 720px\" \/><\/figure><\/div>\n\n\n\n<p>Desta forma, os novasourenses passam a ter atendimento do \u00f3rg\u00e3o, no referido munic\u00edpio, o que ser\u00e1 realizado na Sede da prefeitura, das 07:30hs \u00e0s 13:30hs.<\/p>\n\n\n\n<p>O prefeito Cassinho, afirmou que tem <strong><em>\u201ctrabalhado para promover o bem-estar da popula\u00e7\u00e3o, e que tal parceria proporciona mais facilidade para acesso aos servi\u00e7os ligados \u00e0 previd\u00eancia\u201d<\/em><\/strong>.<\/p>\n\n\n\n<p><em>Reda\u00e7\u00e3o: Portal Alerta<\/em><\/p>\n\n\n\n<p><strong><em>#fiqueemcasa<\/em><\/strong><\/p>\n\n\n\n<p><strong><em>#usemascaras<\/em><\/strong><\/p>\n","protected":false},"excerpt":{"rendered":"<p>O munic\u00edpio de Nova Soure-BA divulgou que firmou uma parceria com o INSS (Instituto Nacional do Seguro Social).<\/p>\n","protected":false},"author":2,"featured_media":34243,"comment_status":"open","ping_status":"open","sticky":false,"template":"","format":"standard","meta":{"om_disable_all_campaigns":false,"_monsterinsights_skip_tracking":false,"_monsterinsights_sitenote_active":false,"_monsterinsights_sitenote_note":"","_monsterinsights_sitenote_category":0,"footnotes":""},"categories":[70,69,14,32],"tags":[1963,106,2886,145],"class_list":["post-34238","post","type-post","status-publish","format-standard","has-post-thumbnail","hentry","category-destaques","category-noticias2","category-nova-soure","category-regiao","tag-inss","tag-nova-soure","tag-parceria","tag-prefeitura"],"aioseo_notices":[],"_links":{"self":[{"href":"https:\/\/www.portalalerta.com.br\/index.php\/wp-json\/wp\/v2\/posts\/34238","targetHints":{"allow":["GET"]}}],"collection":[{"href":"https:\/\/www.portalalerta.com.br\/index.php\/wp-json\/wp\/v2\/posts"}],"about":[{"href":"https:\/\/www.portalalerta.com.br\/index.php\/wp-json\/wp\/v2\/types\/post"}],"author":[{"embeddable":true,"href":"https:\/\/www.portalalerta.com.br\/index.php\/wp-json\/wp\/v2\/users\/2"}],"replies":[{"embeddable":true,"href":"https:\/\/www.portalalerta.com.br\/index.php\/wp-json\/wp\/v2\/comments?post=34238"}],"version-history":[{"count":1,"href":"https:\/\/www.portalalerta.com.br\/index.php\/wp-json\/wp\/v2\/posts\/34238\/revisions"}],"predecessor-version":[{"id":34244,"href":"https:\/\/www.portalalerta.com.br\/index.php\/wp-json\/wp\/v2\/posts\/34238\/revisions\/34244"}],"wp:featuredmedia":[{"embeddable":true,"href":"https:\/\/www.portalalerta.com.br\/index.php\/wp-json\/wp\/v2\/media\/34243"}],"wp:attachment":[{"href":"https:\/\/www.portalalerta.com.br\/index.php\/wp-json\/wp\/v2\/media?parent=34238"}],"wp:term":[{"taxonomy":"category","embeddable":true,"href":"https:\/\/www.portalalerta.com.br\/index.php\/wp-json\/wp\/v2\/categories?post=34238"},{"taxonomy":"post_tag","embeddable":true,"href":"https:\/\/www.portalalerta.com.br\/index.php\/wp-json\/wp\/v2\/tags?post=34238"}],"curies":[{"name":"wp","href":"https:\/\/api.w.org\/{rel}","templated":true}]}}