{"id":34239,"date":"2021-04-09T18:36:05","date_gmt":"2021-04-09T21:36:05","guid":{"rendered":"https:\/\/www.portalalerta.com.br\/?p=34239"},"modified":"2021-04-09T18:36:07","modified_gmt":"2021-04-09T21:36:07","slug":"mourao-diz-que-abertura-de-cpi-da-covid-foi-interferencia-do-judiciario-e-que-comissao-vai-gerar-atrito","status":"publish","type":"post","link":"https:\/\/www.portalalerta.com.br\/index.php\/2021\/04\/09\/mourao-diz-que-abertura-de-cpi-da-covid-foi-interferencia-do-judiciario-e-que-comissao-vai-gerar-atrito\/","title":{"rendered":"Mour\u00e3o diz que abertura de CPI da Covid foi \u201cinterfer\u00eancia\u201d do Judici\u00e1rio e que comiss\u00e3o vai gerar \u201catrito\u201d"},"content":{"rendered":"\n<p>O vice-presidente Hamilton Mour\u00e3o afirmou nesta sexta-feira (9) que considera uma \u201cinterfer\u00eancia que n\u00e3o \u00e9 devida\u201d a\u00a0decis\u00e3o do ministro Lu\u00eds Roberto Barroso, do Supremo Tribunal Federal (STF) que determinou que o Senado deve instalar uma Comiss\u00e3o Parlamentar de Inqu\u00e9rito (CPI)\u00a0para apurar poss\u00edveis omiss\u00f5es do governo federal durante a pandemia do novo coronav\u00edrus.<\/p>\n\n\n\n<!--more-->\n\n\n\n<p>\u201cConcordo com outras opini\u00f5es que foram dadas, isso para mim \u00e9 uma interfer\u00eancia que n\u00e3o \u00e9 devida. E tamb\u00e9m, vamos colocar o seguinte: n\u00f3s estamos vivendo um momento dif\u00edcil, complicado, \u00e9 um momento em que a gente precisa de uni\u00e3o de esfor\u00e7os. E a CPI a gente sabe, vai ser aquela discuss\u00e3o, aquela gera\u00e7\u00e3o de atrito e atrito n\u00e3o leva a nada, s\u00f3 faz perda de energia&#8221;, disse o vice-presidente, ao ser questionado por jornalistas.<\/p>\n\n\n\n<div class=\"wp-block-image\"><figure class=\"alignleft size-large is-resized\"><img fetchpriority=\"high\" decoding=\"async\" src=\"https:\/\/www.portalalerta.com.br\/wp-content\/uploads\/2021\/03\/Real-Calcados.jpeg\" alt=\"\" class=\"wp-image-33350\" width=\"323\" height=\"323\"\/><\/figure><\/div>\n\n\n\n<p>Barroso deu o parecer ao analisar uma a\u00e7\u00e3o apresentada pelos senadores Alessandro Vieira (Cidadania-SE) e Jorge Kajuru (Cidadania-GO) para a instala\u00e7\u00e3o da comiss\u00e3o no Senado.&nbsp;<\/p>\n\n\n\n<p>O pedido para instala\u00e7\u00e3o da CPI foi protocolado no dia 15 de janeiro, com 29 assinaturas de senadores, duas a mais que exigido pelo regimento da Casa para a instaura\u00e7\u00e3o da CPI.&nbsp;<\/p>\n\n\n\n<p>O\u00a0presidente do Senado, Rodrigo Pacheco (DEM-MG), eleito com o apoio do presidente Jair Bolsonaro, vinha resistindo a instal\u00e1-la. Ele declarou v\u00e1rias vezes que instalar a CPI neste momento n\u00e3o auxiliaria no combate \u00e0 pandemia. Mesmo ap\u00f3s a decis\u00e3o de Barroso, Pacheco disse que instalar\u00e1 a CPI, mas considerou a decis\u00e3o \u201cequivocada\u201d e que a CPI, na vis\u00e3o dele, servir\u00e1 de palanque para a elei\u00e7\u00e3o de 2022.<\/p>\n\n\n\n<p>Para Mour\u00e3o, o presidente do Senado fez uma an\u00e1lise ampla da situa\u00e7\u00e3o, levando em conta aspectos pol\u00edticos, ao segurar a instala\u00e7\u00e3o da CPI. O vice-presidente afirmou que eventuais omiss\u00f5es j\u00e1 s\u00e3o investigadas no inqu\u00e9rito em curso na Justi\u00e7a para apurar a crise sanit\u00e1ria em Manaus.<\/p>\n\n\n\n<p>Mais cedo, o\u00a0<a href=\"https:\/\/www.portalalerta.com.br\/index.php\/2021\/04\/09\/falta-lhe-coragem-moral-diz-bolsonaro-sobre-barroso\/\"><strong>presidente Jair Bolsonaro tamb\u00e9m criticou a decis\u00e3o e atacou o ministro do STF<\/strong><\/a><a href=\"https:\/\/br.yahoo.com\/noticias\/acuado-com-cpi-bolsonaro-critica-ministro-do-stf-falta-coragem-moral-e-sobra-impropria-militancia-politica-125019660.html\"><strong>.<\/strong><\/a>\u00a0\u201cFalta-lhe coragem moral e sobra-lhe impr\u00f3pria milit\u00e2ncia pol\u00edtica\u201d, afirmou em suas redes sociais.<\/p>\n\n\n\n<p><em>Fonte: Yahoo Not\u00edcias<\/em><\/p>\n","protected":false},"excerpt":{"rendered":"<p>O vice-presidente Hamilton Mour\u00e3o afirmou nesta sexta-feira (9) que considera uma \u201cinterfer\u00eancia que n\u00e3o \u00e9 devida\u201d a\u00a0decis\u00e3o do ministro Lu\u00eds Roberto Barroso, do Supremo Tribunal Federal (STF) que determinou que o Senado deve instalar uma Comiss\u00e3o Parlamentar de Inqu\u00e9rito (CPI)\u00a0para apurar poss\u00edveis omiss\u00f5es do governo federal durante a pandemia do novo coronav\u00edrus.<\/p>\n","protected":false},"author":2,"featured_media":30753,"comment_status":"open","ping_status":"open","sticky":false,"template":"","format":"standard","meta":{"om_disable_all_campaigns":false,"_monsterinsights_skip_tracking":false,"_monsterinsights_sitenote_active":false,"_monsterinsights_sitenote_note":"","_monsterinsights_sitenote_category":0,"footnotes":""},"categories":[34,70,69,21,19],"tags":[2908,93,3429,3486,721,805,61,216,2067],"class_list":["post-34239","post","type-post","status-publish","format-standard","has-post-thumbnail","hentry","category-brasil","category-destaques","category-noticias2","category-politica","category-saude","tag-antonio-hamilton-mourao","tag-brasil","tag-coronavirus","tag-covid-19","tag-cpi","tag-luiz-roberto-barroso","tag-saude","tag-stf","tag-vice-presidente"],"aioseo_notices":[],"_links":{"self":[{"href":"https:\/\/www.portalalerta.com.br\/index.php\/wp-json\/wp\/v2\/posts\/34239","targetHints":{"allow":["GET"]}}],"collection":[{"href":"https:\/\/www.portalalerta.com.br\/index.php\/wp-json\/wp\/v2\/posts"}],"about":[{"href":"https:\/\/www.portalalerta.com.br\/index.php\/wp-json\/wp\/v2\/types\/post"}],"author":[{"embeddable":true,"href":"https:\/\/www.portalalerta.com.br\/index.php\/wp-json\/wp\/v2\/users\/2"}],"replies":[{"embeddable":true,"href":"https:\/\/www.portalalerta.com.br\/index.php\/wp-json\/wp\/v2\/comments?post=34239"}],"version-history":[{"count":1,"href":"https:\/\/www.portalalerta.com.br\/index.php\/wp-json\/wp\/v2\/posts\/34239\/revisions"}],"predecessor-version":[{"id":34245,"href":"https:\/\/www.portalalerta.com.br\/index.php\/wp-json\/wp\/v2\/posts\/34239\/revisions\/34245"}],"wp:featuredmedia":[{"embeddable":true,"href":"https:\/\/www.portalalerta.com.br\/index.php\/wp-json\/wp\/v2\/media\/30753"}],"wp:attachment":[{"href":"https:\/\/www.portalalerta.com.br\/index.php\/wp-json\/wp\/v2\/media?parent=34239"}],"wp:term":[{"taxonomy":"category","embeddable":true,"href":"https:\/\/www.portalalerta.com.br\/index.php\/wp-json\/wp\/v2\/categories?post=34239"},{"taxonomy":"post_tag","embeddable":true,"href":"https:\/\/www.portalalerta.com.br\/index.php\/wp-json\/wp\/v2\/tags?post=34239"}],"curies":[{"name":"wp","href":"https:\/\/api.w.org\/{rel}","templated":true}]}}