{"id":34250,"date":"2021-04-10T16:03:12","date_gmt":"2021-04-10T19:03:12","guid":{"rendered":"https:\/\/www.portalalerta.com.br\/?p=34250"},"modified":"2021-04-10T16:03:15","modified_gmt":"2021-04-10T19:03:15","slug":"homem-e-preso-acusado-de-cometer-furtos-no-centro-de-euclides-da-cunha-ba","status":"publish","type":"post","link":"https:\/\/www.portalalerta.com.br\/index.php\/2021\/04\/10\/homem-e-preso-acusado-de-cometer-furtos-no-centro-de-euclides-da-cunha-ba\/","title":{"rendered":"Homem \u00e9 preso acusado de cometer furtos no centro de Euclides da Cunha-BA"},"content":{"rendered":"\n<p>Um homem foi preso na tarde da \u00faltima quinta-feira (08), acusado de cometer diversos furtos em estabelecimentos comerciais, no centro de Euclides da Cunha-BA.<\/p>\n\n\n\n<!--more-->\n\n\n\n<div data-mvc-banner=\"leaderboard\"><\/div><script type=\"text\/javascript\"> (function(storeName) { var b = document.createElement('script'); b.type = 'text\/javascript'; b.async = true; b.src = 'https:\/\/www.magazinevoce.com.br\/js\/banner.js?store='+ storeName; var s = document.getElementsByTagName('script')[0]; s.parentNode.insertBefore(b, s); })('Nvscosta'); <\/script>\n\n\n\n<p>A a\u00e7\u00e3o foi realizada pela Pol\u00edcia Civil local, que encontrou sob a posse do criminoso: roupas (furtadas de diversas lojas), bijuterias, um fone de ouvido, e diversos itens de mercados. Tanto o material, quanto o criminoso, identificado pelas iniciais E de J.S, foram conduzidos para o Complexo Policial da cidade, onde foi lavrado o flagrante.<\/p>\n\n\n\n<p>Ainda de acordo com os investigadores, as v\u00edtimas j\u00e1 est\u00e3o sendo contactadas para reaverem seus bens.<\/p>\n\n\n\n<p><em>Reda\u00e7\u00e3o: Portal Alerta<\/em><\/p>\n\n\n\n<p><strong><em>#fiqueemcasa<\/em><\/strong><\/p>\n\n\n\n<p><strong><em>#usemascaras<\/em><\/strong><\/p>\n","protected":false},"excerpt":{"rendered":"<p>Um homem foi preso na tarde da \u00faltima quinta-feira (08), acusado de cometer diversos furtos em estabelecimentos comerciais, no centro de Euclides da Cunha-BA.<\/p>\n","protected":false},"author":2,"featured_media":34255,"comment_status":"open","ping_status":"open","sticky":false,"template":"","format":"standard","meta":{"om_disable_all_campaigns":false,"_monsterinsights_skip_tracking":false,"_monsterinsights_sitenote_active":false,"_monsterinsights_sitenote_note":"","_monsterinsights_sitenote_category":0,"footnotes":""},"categories":[70,17,69,32,22],"tags":[129,85,122,77],"class_list":["post-34250","post","type-post","status-publish","format-standard","has-post-thumbnail","hentry","category-destaques","category-euclides-da-cunha","category-noticias2","category-regiao","category-seguranca","tag-euclides-da-cunha","tag-furto","tag-policia-civil","tag-preso"],"aioseo_notices":[],"_links":{"self":[{"href":"https:\/\/www.portalalerta.com.br\/index.php\/wp-json\/wp\/v2\/posts\/34250","targetHints":{"allow":["GET"]}}],"collection":[{"href":"https:\/\/www.portalalerta.com.br\/index.php\/wp-json\/wp\/v2\/posts"}],"about":[{"href":"https:\/\/www.portalalerta.com.br\/index.php\/wp-json\/wp\/v2\/types\/post"}],"author":[{"embeddable":true,"href":"https:\/\/www.portalalerta.com.br\/index.php\/wp-json\/wp\/v2\/users\/2"}],"replies":[{"embeddable":true,"href":"https:\/\/www.portalalerta.com.br\/index.php\/wp-json\/wp\/v2\/comments?post=34250"}],"version-history":[{"count":1,"href":"https:\/\/www.portalalerta.com.br\/index.php\/wp-json\/wp\/v2\/posts\/34250\/revisions"}],"predecessor-version":[{"id":34256,"href":"https:\/\/www.portalalerta.com.br\/index.php\/wp-json\/wp\/v2\/posts\/34250\/revisions\/34256"}],"wp:featuredmedia":[{"embeddable":true,"href":"https:\/\/www.portalalerta.com.br\/index.php\/wp-json\/wp\/v2\/media\/34255"}],"wp:attachment":[{"href":"https:\/\/www.portalalerta.com.br\/index.php\/wp-json\/wp\/v2\/media?parent=34250"}],"wp:term":[{"taxonomy":"category","embeddable":true,"href":"https:\/\/www.portalalerta.com.br\/index.php\/wp-json\/wp\/v2\/categories?post=34250"},{"taxonomy":"post_tag","embeddable":true,"href":"https:\/\/www.portalalerta.com.br\/index.php\/wp-json\/wp\/v2\/tags?post=34250"}],"curies":[{"name":"wp","href":"https:\/\/api.w.org\/{rel}","templated":true}]}}