{"id":34309,"date":"2021-04-12T18:00:00","date_gmt":"2021-04-12T21:00:00","guid":{"rendered":"https:\/\/www.portalalerta.com.br\/?p=34309"},"modified":"2021-04-12T16:11:21","modified_gmt":"2021-04-12T19:11:21","slug":"stf-julgara-cpi-da-covid-na-quarta-feira","status":"publish","type":"post","link":"https:\/\/www.portalalerta.com.br\/index.php\/2021\/04\/12\/stf-julgara-cpi-da-covid-na-quarta-feira\/","title":{"rendered":"STF julgar\u00e1 CPI da Covid na quarta-feira"},"content":{"rendered":"\n<p>O presidente do Supremo Tribunal Federal (STF), ministro Luiz Fux, antecipou o julgamento sobre a instala\u00e7\u00e3o da CPI do Covid pelo Senado para quarta-feira (14). O caso seria julgado na pr\u00f3xima sess\u00e3o virtual, que vai de 16 at\u00e9 26 de abril.&nbsp;<\/p>\n\n\n\n<!--more-->\n\n\n\n<div class=\"wp-block-image\"><figure class=\"alignleft size-large is-resized\"><img fetchpriority=\"high\" decoding=\"async\" src=\"https:\/\/www.portalalerta.com.br\/wp-content\/uploads\/2018\/07\/05elab.jpg\" alt=\"\" class=\"wp-image-9394\" width=\"342\" height=\"257\" srcset=\"https:\/\/www.portalalerta.com.br\/wp-content\/uploads\/2018\/07\/05elab.jpg 400w, https:\/\/www.portalalerta.com.br\/wp-content\/uploads\/2018\/07\/05elab-320x240.jpg 320w, https:\/\/www.portalalerta.com.br\/wp-content\/uploads\/2018\/07\/05elab-195x146.jpg 195w, https:\/\/www.portalalerta.com.br\/wp-content\/uploads\/2018\/07\/05elab-50x38.jpg 50w, https:\/\/www.portalalerta.com.br\/wp-content\/uploads\/2018\/07\/05elab-100x75.jpg 100w\" sizes=\"(max-width: 342px) 100vw, 342px\" \/><\/figure><\/div>\n\n\n\n<p>O ministro Lu\u00eds Roberto Barroso decidiu monocraticamente na \u00faltima quinta-feira (8) sobre a obriga\u00e7\u00e3o da abertura da CPI pelo presidente do Senado Rodrigo Pacheco, mas j\u00e1 havia submetido a decis\u00e3o para an\u00e1lise do plen\u00e1rio virtual da Corte. Agora, os dez ministros v\u00e3o julgar em sess\u00e3o presencial se concordam com a determina\u00e7\u00e3o de Barroso.&nbsp;<\/p>\n\n\n\n<p>Al\u00e9m disso, os ministros v\u00e3o analisar um mandado de Seguran\u00e7a apresentado pelos senadores Alessandro Vieira (Cidadania-SE) e Jorge Kajuru (Cidadania-GO) \u2014 eles defendem que o presidente do Senado n\u00e3o pode mais postergar o in\u00edcio dos trabalhos, uma vez que a CPI conta com 32 assinaturas, cinco a mais que o necess\u00e1rio para abertura da comiss\u00e3o.&nbsp;<\/p>\n\n\n\n<p>A determina\u00e7\u00e3o pode desgastar a imagem pol\u00edtica do presidente Jair Bolsonaro, que \u00e9 criticado pela sua conduta durante a pandemia. Desde que Barroso tomou a decis\u00e3o, foi criticado pelo presidente em dois momentos distintos.&nbsp;<\/p>\n\n\n\n<p><em>Fonte: Metro1<\/em><\/p>\n","protected":false},"excerpt":{"rendered":"<p>O presidente do Supremo Tribunal Federal (STF), ministro Luiz Fux, antecipou o julgamento sobre a instala\u00e7\u00e3o da CPI do Covid pelo Senado para quarta-feira (14). O caso seria julgado na pr\u00f3xima sess\u00e3o virtual, que vai de 16 at\u00e9 26 de abril.&nbsp;<\/p>\n","protected":false},"author":2,"featured_media":5836,"comment_status":"open","ping_status":"open","sticky":false,"template":"","format":"standard","meta":{"om_disable_all_campaigns":false,"_monsterinsights_skip_tracking":false,"_monsterinsights_sitenote_active":false,"_monsterinsights_sitenote_note":"","_monsterinsights_sitenote_category":0,"footnotes":""},"categories":[34,70,69,21,19],"tags":[93,3486,721,216],"class_list":["post-34309","post","type-post","status-publish","format-standard","has-post-thumbnail","hentry","category-brasil","category-destaques","category-noticias2","category-politica","category-saude","tag-brasil","tag-covid-19","tag-cpi","tag-stf"],"aioseo_notices":[],"_links":{"self":[{"href":"https:\/\/www.portalalerta.com.br\/index.php\/wp-json\/wp\/v2\/posts\/34309","targetHints":{"allow":["GET"]}}],"collection":[{"href":"https:\/\/www.portalalerta.com.br\/index.php\/wp-json\/wp\/v2\/posts"}],"about":[{"href":"https:\/\/www.portalalerta.com.br\/index.php\/wp-json\/wp\/v2\/types\/post"}],"author":[{"embeddable":true,"href":"https:\/\/www.portalalerta.com.br\/index.php\/wp-json\/wp\/v2\/users\/2"}],"replies":[{"embeddable":true,"href":"https:\/\/www.portalalerta.com.br\/index.php\/wp-json\/wp\/v2\/comments?post=34309"}],"version-history":[{"count":1,"href":"https:\/\/www.portalalerta.com.br\/index.php\/wp-json\/wp\/v2\/posts\/34309\/revisions"}],"predecessor-version":[{"id":34313,"href":"https:\/\/www.portalalerta.com.br\/index.php\/wp-json\/wp\/v2\/posts\/34309\/revisions\/34313"}],"wp:featuredmedia":[{"embeddable":true,"href":"https:\/\/www.portalalerta.com.br\/index.php\/wp-json\/wp\/v2\/media\/5836"}],"wp:attachment":[{"href":"https:\/\/www.portalalerta.com.br\/index.php\/wp-json\/wp\/v2\/media?parent=34309"}],"wp:term":[{"taxonomy":"category","embeddable":true,"href":"https:\/\/www.portalalerta.com.br\/index.php\/wp-json\/wp\/v2\/categories?post=34309"},{"taxonomy":"post_tag","embeddable":true,"href":"https:\/\/www.portalalerta.com.br\/index.php\/wp-json\/wp\/v2\/tags?post=34309"}],"curies":[{"name":"wp","href":"https:\/\/api.w.org\/{rel}","templated":true}]}}