{"id":34501,"date":"2021-04-19T12:03:00","date_gmt":"2021-04-19T15:03:00","guid":{"rendered":"https:\/\/www.portalalerta.com.br\/?p=34501"},"modified":"2021-04-18T21:03:48","modified_gmt":"2021-04-19T00:03:48","slug":"42a-vitima-da-covid-19-em-ribeira-do-pombal-ba-e-uma-idosa-de-69-anos","status":"publish","type":"post","link":"https:\/\/www.portalalerta.com.br\/index.php\/2021\/04\/19\/42a-vitima-da-covid-19-em-ribeira-do-pombal-ba-e-uma-idosa-de-69-anos\/","title":{"rendered":"42\u00aa v\u00edtima da Covid-19 em Ribeira do Pombal-BA, \u00e9 uma idosa de 69 anos"},"content":{"rendered":"\n<p>Uma idosa de 69 anos morreu neste domingo (18), v\u00edtima da Covid-19 (Coronav\u00edrus), em Ribeira do Pombal-BA.<\/p>\n\n\n\n<!--more-->\n\n\n\n<div class=\"wp-block-image\"><figure class=\"aligncenter size-large\"><img fetchpriority=\"high\" decoding=\"async\" width=\"720\" height=\"181\" src=\"https:\/\/www.portalalerta.com.br\/wp-content\/uploads\/2018\/02\/Auto-Escola-Nobre.jpg\" alt=\"\" class=\"wp-image-4869\" srcset=\"https:\/\/www.portalalerta.com.br\/wp-content\/uploads\/2018\/02\/Auto-Escola-Nobre.jpg 720w, https:\/\/www.portalalerta.com.br\/wp-content\/uploads\/2018\/02\/Auto-Escola-Nobre-260x65.jpg 260w, https:\/\/www.portalalerta.com.br\/wp-content\/uploads\/2018\/02\/Auto-Escola-Nobre-50x13.jpg 50w, https:\/\/www.portalalerta.com.br\/wp-content\/uploads\/2018\/02\/Auto-Escola-Nobre-150x38.jpg 150w\" sizes=\"(max-width: 720px) 100vw, 720px\" \/><\/figure><\/div>\n\n\n\n<p>A idosa deu entrada na Emerg\u00eancia do Hospital Geral Santa Tereza, ainda na manh\u00e3 do domingo, devido a outras comorbidades, e durante interna\u00e7\u00e3o foi submetida a um teste r\u00e1pido, que confirmou o diagn\u00f3stico de Covid-19, A paciente n\u00e3o suportou e evoluiu a \u00f3bito.<\/p>\n\n\n\n<p>Desta forma, o munic\u00edpio chegou ao seu 42\u00ba \u00f3bito por causa da doen\u00e7a, mantendo a taxa de mortalidade por conta do v\u00edrus, em 2%. Al\u00e9m disso, o Boletim Epidemiol\u00f3gico divulgado neste domingo, apontou que dos 2.361 casos registrados em Ribeira do Pombal-BA, 86 est\u00e3o ativos (4%), e 2.233 foram curados (94%).<\/p>\n\n\n\n<p><em>Reda\u00e7\u00e3o: Portal Alerta<\/em><\/p>\n\n\n\n<p><strong><em>#fiqueemcasa<\/em><\/strong><\/p>\n\n\n\n<p><strong><em>#usemascaras<\/em><\/strong><\/p>\n","protected":false},"excerpt":{"rendered":"<p>Uma idosa de 69 anos morreu neste domingo (18), v\u00edtima da Covid-19 (Coronav\u00edrus), em Ribeira do Pombal-BA.<\/p>\n","protected":false},"author":2,"featured_media":33789,"comment_status":"open","ping_status":"open","sticky":false,"template":"","format":"standard","meta":{"om_disable_all_campaigns":false,"_monsterinsights_skip_tracking":false,"_monsterinsights_sitenote_active":false,"_monsterinsights_sitenote_note":"","_monsterinsights_sitenote_category":0,"footnotes":""},"categories":[70,69,32,3,19],"tags":[3429,3486,3841,3560,439,47,61],"class_list":["post-34501","post","type-post","status-publish","format-standard","has-post-thumbnail","hentry","category-destaques","category-noticias2","category-regiao","category-ribeira-do-pombal","category-saude","tag-coronavirus","tag-covid-19","tag-curados","tag-infectados","tag-mortes","tag-ribeira-do-pombal","tag-saude"],"aioseo_notices":[],"_links":{"self":[{"href":"https:\/\/www.portalalerta.com.br\/index.php\/wp-json\/wp\/v2\/posts\/34501","targetHints":{"allow":["GET"]}}],"collection":[{"href":"https:\/\/www.portalalerta.com.br\/index.php\/wp-json\/wp\/v2\/posts"}],"about":[{"href":"https:\/\/www.portalalerta.com.br\/index.php\/wp-json\/wp\/v2\/types\/post"}],"author":[{"embeddable":true,"href":"https:\/\/www.portalalerta.com.br\/index.php\/wp-json\/wp\/v2\/users\/2"}],"replies":[{"embeddable":true,"href":"https:\/\/www.portalalerta.com.br\/index.php\/wp-json\/wp\/v2\/comments?post=34501"}],"version-history":[{"count":1,"href":"https:\/\/www.portalalerta.com.br\/index.php\/wp-json\/wp\/v2\/posts\/34501\/revisions"}],"predecessor-version":[{"id":34502,"href":"https:\/\/www.portalalerta.com.br\/index.php\/wp-json\/wp\/v2\/posts\/34501\/revisions\/34502"}],"wp:featuredmedia":[{"embeddable":true,"href":"https:\/\/www.portalalerta.com.br\/index.php\/wp-json\/wp\/v2\/media\/33789"}],"wp:attachment":[{"href":"https:\/\/www.portalalerta.com.br\/index.php\/wp-json\/wp\/v2\/media?parent=34501"}],"wp:term":[{"taxonomy":"category","embeddable":true,"href":"https:\/\/www.portalalerta.com.br\/index.php\/wp-json\/wp\/v2\/categories?post=34501"},{"taxonomy":"post_tag","embeddable":true,"href":"https:\/\/www.portalalerta.com.br\/index.php\/wp-json\/wp\/v2\/tags?post=34501"}],"curies":[{"name":"wp","href":"https:\/\/api.w.org\/{rel}","templated":true}]}}