{"id":34878,"date":"2021-05-03T12:03:00","date_gmt":"2021-05-03T15:03:00","guid":{"rendered":"https:\/\/www.portalalerta.com.br\/?p=34878"},"modified":"2021-05-02T15:43:15","modified_gmt":"2021-05-02T18:43:15","slug":"duas-pessoas-sao-esfaqueadas-durante-discussao-de-transito-em-cicero-dantas-ba","status":"publish","type":"post","link":"https:\/\/www.portalalerta.com.br\/index.php\/2021\/05\/03\/duas-pessoas-sao-esfaqueadas-durante-discussao-de-transito-em-cicero-dantas-ba\/","title":{"rendered":"Duas pessoas s\u00e3o esfaqueadas durante discuss\u00e3o de tr\u00e2nsito, em C\u00edcero Dantas-BA"},"content":{"rendered":"\n<p>Uma discuss\u00e3o de tr\u00e2nsito ocorrida na noite de s\u00e1bado (1\u00ba), na Av. ACM, centro de C\u00edcero Dantas-BA, deixou duas pessoas feridas.<\/p>\n\n\n\n<!--more-->\n\n\n\n<p>Uma das v\u00edtimas teve perfura\u00e7\u00f5es profundas no t\u00f3rax e na virilha, causadas por golpes de faca, e a outra teve ferimentos superficiais nas costas, tamb\u00e9m v\u00edtima de facada. Os dois jovens foram socorridos para o Hospital Luis Eduardo Magalh\u00e3es, sendo que o caso mais grave, necessitou ser transferido para o Hospital Geral Santa Tereza, em Ribeira do Pombal.<\/p>\n\n\n\n<div data-mvc-banner=\"leaderboard\"><\/div><script type=\"text\/javascript\"> (function(storeName) { var b = document.createElement('script'); b.type = 'text\/javascript'; b.async = true; b.src = 'https:\/\/www.magazinevoce.com.br\/js\/banner.js?store='+ storeName; var s = document.getElementsByTagName('script')[0]; s.parentNode.insertBefore(b, s); })('Nvscosta'); <\/script>\n\n\n\n<p>O crime foi informado a pol\u00edcia militar local, que esteve na Unidade Hospitalar colhendo dados sobre o corrido. De acordo com as v\u00edtimas, o autor estaria a bordo de uma motocicleta Honda CG de cor preta, demais dados n\u00e3o anotados, por\u00e9m n\u00e3o foi identificado.<\/p>\n\n\n\n<p>Todos foram orientados a se dirigirem at\u00e9 a Delegacia de Pol\u00edcia Civil da cidade, para o devido registro da ocorr\u00eancia.<\/p>\n\n\n\n<p><em>Reda\u00e7\u00e3o: Portal Alerta<\/em><\/p>\n\n\n\n<p><strong><em>#fiqueemcasa<\/em><\/strong><\/p>\n\n\n\n<p><strong><em>#usemascaras<\/em><\/strong><\/p>\n","protected":false},"excerpt":{"rendered":"<p>Uma discuss\u00e3o de tr\u00e2nsito ocorrida na noite de s\u00e1bado (1\u00ba), na Av. ACM, centro de C\u00edcero Dantas-BA, deixou duas pessoas feridas.<\/p>\n","protected":false},"author":2,"featured_media":17907,"comment_status":"open","ping_status":"open","sticky":false,"template":"","format":"standard","meta":{"om_disable_all_campaigns":false,"_monsterinsights_skip_tracking":false,"_monsterinsights_sitenote_active":false,"_monsterinsights_sitenote_note":"","_monsterinsights_sitenote_category":0,"footnotes":""},"categories":[4,70,69,32,22],"tags":[75,4462,3450,393,1106],"class_list":["post-34878","post","type-post","status-publish","format-standard","has-post-thumbnail","hentry","category-cicero-dantas","category-destaques","category-noticias2","category-regiao","category-seguranca","tag-cicero-dantas","tag-discussao","tag-facadas","tag-feridos","tag-transito"],"aioseo_notices":[],"_links":{"self":[{"href":"https:\/\/www.portalalerta.com.br\/index.php\/wp-json\/wp\/v2\/posts\/34878","targetHints":{"allow":["GET"]}}],"collection":[{"href":"https:\/\/www.portalalerta.com.br\/index.php\/wp-json\/wp\/v2\/posts"}],"about":[{"href":"https:\/\/www.portalalerta.com.br\/index.php\/wp-json\/wp\/v2\/types\/post"}],"author":[{"embeddable":true,"href":"https:\/\/www.portalalerta.com.br\/index.php\/wp-json\/wp\/v2\/users\/2"}],"replies":[{"embeddable":true,"href":"https:\/\/www.portalalerta.com.br\/index.php\/wp-json\/wp\/v2\/comments?post=34878"}],"version-history":[{"count":1,"href":"https:\/\/www.portalalerta.com.br\/index.php\/wp-json\/wp\/v2\/posts\/34878\/revisions"}],"predecessor-version":[{"id":34882,"href":"https:\/\/www.portalalerta.com.br\/index.php\/wp-json\/wp\/v2\/posts\/34878\/revisions\/34882"}],"wp:featuredmedia":[{"embeddable":true,"href":"https:\/\/www.portalalerta.com.br\/index.php\/wp-json\/wp\/v2\/media\/17907"}],"wp:attachment":[{"href":"https:\/\/www.portalalerta.com.br\/index.php\/wp-json\/wp\/v2\/media?parent=34878"}],"wp:term":[{"taxonomy":"category","embeddable":true,"href":"https:\/\/www.portalalerta.com.br\/index.php\/wp-json\/wp\/v2\/categories?post=34878"},{"taxonomy":"post_tag","embeddable":true,"href":"https:\/\/www.portalalerta.com.br\/index.php\/wp-json\/wp\/v2\/tags?post=34878"}],"curies":[{"name":"wp","href":"https:\/\/api.w.org\/{rel}","templated":true}]}}