{"id":35075,"date":"2021-05-10T12:01:00","date_gmt":"2021-05-10T15:01:00","guid":{"rendered":"https:\/\/www.portalalerta.com.br\/?p=35075"},"modified":"2021-05-10T00:21:14","modified_gmt":"2021-05-10T03:21:14","slug":"jacare-capturado-em-euclides-da-cunha-ba-e-entregue-ao-inema","status":"publish","type":"post","link":"https:\/\/www.portalalerta.com.br\/index.php\/2021\/05\/10\/jacare-capturado-em-euclides-da-cunha-ba-e-entregue-ao-inema\/","title":{"rendered":"Jacar\u00e9 capturado em Euclides da Cunha-BA \u00e9 entregue ao INEMA"},"content":{"rendered":"\n<p>Servidores do Instituto do Meio Ambiente e Recursos H\u00eddricos (INEMA) estiveram na \u00faltima sexta-feira (7) em Euclides da Cunha-BA e levaram para o Centro de Triagem de Animais Silvestres do Estado da Bahia o jacar\u00e9 capturado no bairro Bela Vista, fato ocorrido na noite do dia 5 de maio.<\/p>\n\n\n\n<!--more-->\n\n\n\n<div class=\"wp-block-image\"><figure class=\"alignleft size-large is-resized\"><img fetchpriority=\"high\" decoding=\"async\" src=\"https:\/\/www.portalalerta.com.br\/wp-content\/uploads\/2021\/03\/Real-Calcados.jpeg\" alt=\"\" class=\"wp-image-33350\" width=\"327\" height=\"327\"\/><\/figure><\/div>\n\n\n\n<p>O r\u00e9ptil foi encontrado por um morador que avisou a outras pessoas da vizinhan\u00e7a. Bombeiros civis Anjos do Cumbe foram acionados e realizaram a retirada do jacar\u00e9 do local.<\/p>\n\n\n\n<p>O jacar\u00e9 \u00e9 da esp\u00e9cie Caiman latirostris (do papo amarelo), comum na regi\u00e3o leste do pa\u00eds e nas bacias dos rios Paran\u00e1, Paraguai, Uruguai e S\u00e3o Francisco. O r\u00e9ptil media aproximadamente 1,9m. Sua esp\u00e9cie pode atingir 3,5 metros de comprimento e n\u00e3o \u00e9 considerada muito agressiva contra seres humanos.<\/p>\n\n\n\n<p><em>Fonte: euclidesdacunha.com<\/em><\/p>\n","protected":false},"excerpt":{"rendered":"<p>Servidores do Instituto do Meio Ambiente e Recursos H\u00eddricos (INEMA) estiveram na \u00faltima sexta-feira (7) em Euclides da Cunha-BA e levaram para o Centro de Triagem de Animais Silvestres do Estado da Bahia o jacar\u00e9 capturado no bairro Bela Vista, fato ocorrido na noite do dia 5 de maio.<\/p>\n","protected":false},"author":2,"featured_media":35080,"comment_status":"open","ping_status":"open","sticky":false,"template":"","format":"standard","meta":{"om_disable_all_campaigns":false,"_monsterinsights_skip_tracking":false,"_monsterinsights_sitenote_active":false,"_monsterinsights_sitenote_note":"","_monsterinsights_sitenote_category":0,"footnotes":""},"categories":[70,17,69,32],"tags":[129,1768,4478],"class_list":["post-35075","post","type-post","status-publish","format-standard","has-post-thumbnail","hentry","category-destaques","category-euclides-da-cunha","category-noticias2","category-regiao","tag-euclides-da-cunha","tag-inema","tag-jacare"],"aioseo_notices":[],"_links":{"self":[{"href":"https:\/\/www.portalalerta.com.br\/index.php\/wp-json\/wp\/v2\/posts\/35075","targetHints":{"allow":["GET"]}}],"collection":[{"href":"https:\/\/www.portalalerta.com.br\/index.php\/wp-json\/wp\/v2\/posts"}],"about":[{"href":"https:\/\/www.portalalerta.com.br\/index.php\/wp-json\/wp\/v2\/types\/post"}],"author":[{"embeddable":true,"href":"https:\/\/www.portalalerta.com.br\/index.php\/wp-json\/wp\/v2\/users\/2"}],"replies":[{"embeddable":true,"href":"https:\/\/www.portalalerta.com.br\/index.php\/wp-json\/wp\/v2\/comments?post=35075"}],"version-history":[{"count":1,"href":"https:\/\/www.portalalerta.com.br\/index.php\/wp-json\/wp\/v2\/posts\/35075\/revisions"}],"predecessor-version":[{"id":35081,"href":"https:\/\/www.portalalerta.com.br\/index.php\/wp-json\/wp\/v2\/posts\/35075\/revisions\/35081"}],"wp:featuredmedia":[{"embeddable":true,"href":"https:\/\/www.portalalerta.com.br\/index.php\/wp-json\/wp\/v2\/media\/35080"}],"wp:attachment":[{"href":"https:\/\/www.portalalerta.com.br\/index.php\/wp-json\/wp\/v2\/media?parent=35075"}],"wp:term":[{"taxonomy":"category","embeddable":true,"href":"https:\/\/www.portalalerta.com.br\/index.php\/wp-json\/wp\/v2\/categories?post=35075"},{"taxonomy":"post_tag","embeddable":true,"href":"https:\/\/www.portalalerta.com.br\/index.php\/wp-json\/wp\/v2\/tags?post=35075"}],"curies":[{"name":"wp","href":"https:\/\/api.w.org\/{rel}","templated":true}]}}