{"id":35076,"date":"2021-05-10T12:02:00","date_gmt":"2021-05-10T15:02:00","guid":{"rendered":"https:\/\/www.portalalerta.com.br\/?p=35076"},"modified":"2021-05-10T00:27:41","modified_gmt":"2021-05-10T03:27:41","slug":"rejeicao-de-70-milhoes-de-doses-da-pfizer-sera-novo-foco-da-cpi-da-covid","status":"publish","type":"post","link":"https:\/\/www.portalalerta.com.br\/index.php\/2021\/05\/10\/rejeicao-de-70-milhoes-de-doses-da-pfizer-sera-novo-foco-da-cpi-da-covid\/","title":{"rendered":"Rejei\u00e7\u00e3o de 70 milh\u00f5es de doses da Pfizer ser\u00e1 novo foco da CPI da Covid"},"content":{"rendered":"\n<p>Fonte de grande ansiedade na popula\u00e7\u00e3o, o lento avan\u00e7o da vacina\u00e7\u00e3o contra o coronav\u00edrus no pa\u00eds \u00e9 o foco principal desta semana na Comiss\u00e3o Parlamentar de Inqu\u00e9rito (CPI) da Covid.<\/p>\n\n\n\n<!--more-->\n\n\n\n<p>Est\u00e3o previstos os depoimentos do presidente da Ag\u00eancia Nacional de Vigil\u00e2ncia Sanit\u00e1ria, Antonio Barra Torres, do ex-secret\u00e1rio de Comunica\u00e7\u00e3o do governo Jair Bolsonaro, F\u00e1bio Wajngarten, e de executivos da farmac\u00eautica americana Pfizer.&nbsp;<\/p>\n\n\n\n<p>Com a sabatina dessas testemunhas, os senadores querem apurar a responsabilidade do governo federal na demora da imuniza\u00e7\u00e3o da popula\u00e7\u00e3o, j\u00e1 que a gest\u00e3o Bolsonaro inicialmente recusou em 2020 ofertas de vacinas da Pfizer, do Instituto Butantan e do cons\u00f3rcio Covax Facility.<\/p>\n\n\n\n<p>O tema vacinas deve continuar no centro da CPI tamb\u00e9m na semana seguinte, quando ser\u00e1 ouvido o ex-ministro das Rela\u00e7\u00f5es Exteriores, Ernesto Ara\u00fajo, sobre negocia\u00e7\u00f5es internacionais para aquisi\u00e7\u00e3o de imunizantes.&nbsp;<\/p>\n\n\n\n<div data-mvc-banner=\"leaderboard\"><\/div><script type=\"text\/javascript\"> (function(storeName) { var b = document.createElement('script'); b.type = 'text\/javascript'; b.async = true; b.src = 'https:\/\/www.magazinevoce.com.br\/js\/banner.js?store='+ storeName; var s = document.getElementsByTagName('script')[0]; s.parentNode.insertBefore(b, s); })('Nvscosta'); <\/script>\n\n\n\n<p>Al\u00e9m disso, est\u00e1 marcado para dia 19 o depoimento do ex-ministro da Sa\u00fade Eduardo Pazuello.&nbsp;<\/p>\n\n\n\n<p><strong>Wajngarten responder\u00e1 sobre recusa a Pfizer<\/strong><\/p>\n\n\n\n<p>O depoimento mais aguardado da pr\u00f3xima semana \u00e9 o de F\u00e1bio Wajngarten, que ocorre na quarta-feira (12\/05). Em entrevista recente \u00e0 revista Veja, ele fez duras cr\u00edticas ao ex-ministro Pazuello, que ser\u00e3o exploradas pelos senadores.&nbsp;<\/p>\n\n\n\n<p>Segundo Wajngarten, a recusa do governo \u00e0 oferta de 70 milh\u00f5es de vacinas pela Pfizer em agosto do ano passado foi resultado da &#8220;incompet\u00eancia e inefici\u00eancia&#8221; da gest\u00e3o do general, que comandou o minist\u00e9rio entre maio de 2020 e mar\u00e7o de 2021.&nbsp;<\/p>\n\n\n\n<p>O ex-secret\u00e1rio de Comunica\u00e7\u00e3o disse que tomou a dianteira das negocia\u00e7\u00f5es com a farmac\u00eautica americana diante do desinteresse da pasta da Sa\u00fade pela oferta da empresa. Ele afirmou \u00e0 revista inclusive ter documentos que provam isso, como e-mails e registros telef\u00f4nicos.<\/p>\n\n\n\n<p>Na entrevista, Wajngarten eximiu o presidente de responsabilidade, atribuindo toda a culpa \u00e0 equipe de Pazuello. Para cr\u00edticos de Bolsonaro, a tentativa de separar a responsabilidade do presidente da do general \u00e9 dif\u00edcil porque o pr\u00f3prio Pazuello disse em v\u00eddeo ao lado dele estar cumprindo fielmente suas ordens.<\/p>\n\n\n\n<p>At\u00e9 o momento, Pazuello n\u00e3o se manifestou publicamente sobre estas acusa\u00e7\u00f5es.<\/p>\n\n\n\n<p>O vice-presidente da CPI da Covid, senador Randolfe Rodrigues (Rede-AP), quer depois marcar uma acarea\u00e7\u00e3o entre Wajngarten e Pazuello, para confrontar a vers\u00e3o de cada um. A proposta ainda precisa ser aprovada pela maioria da comiss\u00e3o.&nbsp;<\/p>\n\n\n\n<p>Antes disso, por\u00e9m, ser\u00e1 realizado o depoimento do ex-ministro da Sa\u00fade em 19 de maio. Sua ida \u00e0 CPI estava prevista para dia 5 deste m\u00eas, mas foi adiada ap\u00f3s Pazuello argumentar que havia tido contato com duas pessoas diagnosticadas com covid-19.&nbsp;<\/p>\n\n\n\n<p><strong>Contrato com a Pfizer saiu s\u00f3 em mar\u00e7o deste ano<\/strong><\/p>\n\n\n\n<p>Diante da recusa inicial, apenas em mar\u00e7o deste ano o governo federal firmou contrato para compra de 100 milh\u00f5es de doses da Pfizer, previstas para entrega at\u00e9 o final do terceiro trimestre. Por enquanto, foram recebidas 1,628 milh\u00e3o dessas vacinas.&nbsp;<\/p>\n\n\n\n<p>O Minist\u00e9rio da Sa\u00fade negocia a compra de mais 100 milh\u00f5es que seriam entregues ainda em 2021, segundo o atual chefe da pasta, ministro Marcelo Queiroga.&nbsp;<\/p>\n\n\n\n<p>Ap\u00f3s o depoimento de Wajngarten, a CPI aprofundar\u00e1 a investiga\u00e7\u00e3o sobre a recusa da compra das vacinas na quinta-feira, quando est\u00e1 prevista a ida \u00e0 comiss\u00e3o de executivos da Pfizer. Foram convocados como testemunhas a atual presidente da farmac\u00eautica no Brasil, Marta D\u00edez, e o seu antecessor no cargo, Carlos Murillo.<\/p>\n\n\n\n<p><strong>Anvisa responder\u00e1 sobre controv\u00e9rsias na aprova\u00e7\u00e3o de vacinas<\/strong><\/p>\n\n\n\n<p>O primeiro depoimento previsto para a pr\u00f3xima semana \u00e9 o do presidente da Anvisa, Antonio Barra Torres, na ter\u00e7a-feira (11\/05). A ag\u00eancia, respons\u00e1vel por autorizar o uso de vacinas no pa\u00eds, esteve algumas vezes no centro de pol\u00eamicas ao analisar os imunizantes contra covid-19, sofrendo acusa\u00e7\u00f5es de poss\u00edvel inger\u00eancia pol\u00edtica por parte de Bolsonaro.<\/p>\n\n\n\n<p>No ano passado, a principal controv\u00e9rsia era em torno do ritmo de aprova\u00e7\u00e3o da CoronaVac, vacina desenvolvida pelo Instituto Butantan (\u00f3rg\u00e3o estadual paulista) em parceria com o laborat\u00f3rio chin\u00eas Sinovac. Isso porque o imunizante era visto como um trunfo pol\u00edtico para o governador de S\u00e3o Paulo, Jo\u00e3o Doria (PSDB), advers\u00e1rio de Bolsonaro.&nbsp;<\/p>\n\n\n\n<p>Em outubro de 2020, o presidente chegou a desautorizar Pazuello, ap\u00f3s o ministro anunciar que iria fechar contrato para compra de 46 milh\u00f5es de doses da CoronaVac.&nbsp;<\/p>\n\n\n\n<p>&#8220;A vacina chinesa de Jo\u00e3o Doria, qualquer vacina antes de ser disponibilizada \u00e0 popula\u00e7\u00e3o, deve ser comprovada cientificamente pelo Minist\u00e9rio da Sa\u00fade e certificada pela Anvisa. O povo brasileiro n\u00e3o ser\u00e1 cobaia de ningu\u00e9m. Minha decis\u00e3o \u00e9 a de n\u00e3o adquirir a referida vacina&#8221;, disse Bolsonaro na ocasi\u00e3o.<\/p>\n\n\n\n<p>Diante da press\u00e3o pela vacina\u00e7\u00e3o no pa\u00eds, o contrato acabou sendo firmado em 7 de janeiro \u2014 dez dias depois a Anvisa autorizou o uso da CoronaVac.&nbsp;<\/p>\n\n\n\n<p>A controv\u00e9rsia mais recente envolve a autoriza\u00e7\u00e3o da vacina russa Sputnik V, imunizante que alguns governos estaduais tentam comprar sem interm\u00e9dio do governo federal. O Cons\u00f3rcio do Nordeste, por exemplo, pretende adquirir 66 milh\u00f5es de doses. O Minist\u00e9rio da Sa\u00fade tem contrato para compra de outras 10 milh\u00f5es.\u00a0<\/p>\n\n\n\n<p>Presidente da Anvisa ter\u00e1 que responder sobre autoriza\u00e7\u00e3o das vacinas CoronaVac e Sputnik V<\/p>\n\n\n\n<p>Em abril, por\u00e9m, a Anvisa negou autoriza\u00e7\u00e3o \u00e0 Sputnik V. No centro da pol\u00eamica est\u00e1 a presen\u00e7a ou n\u00e3o de v\u00edrus capazes de se replicar na vacina russa. Os respons\u00e1veis pelo imunizante negam que ela tenha esse problema, mas foi um dos principais motivos de a ag\u00eancia negar a importa\u00e7\u00e3o, porque isso poderia trazer riscos \u00e0 sa\u00fade.<\/p>\n\n\n\n<p>Um representante da Uni\u00e3o Qu\u00edmica, laborat\u00f3rio brasileiro que fechou parceria com o instituto russo Gamaleya, tamb\u00e9m ser\u00e1 ouvido pela CPI, em data a ser confirmada.&nbsp;<\/p>\n\n\n\n<p><strong>Como est\u00e1 o ritmo de vacina\u00e7\u00e3o no pa\u00eds?<\/strong><\/p>\n\n\n\n<p>As vacinas que est\u00e3o sendo usadas no Brasil at\u00e9 o momento (CoronaVac, Oxford\/Astrazeneca e, em quantidade muito menor, Pfizer) s\u00e3o aplicadas em duas doses, o que significa que o pa\u00eds precisa de cerca de 420 milh\u00f5es de unidades para imunizar toda sua popula\u00e7\u00e3o, se inclu\u00eddas tamb\u00e9m as crian\u00e7as (para quem ainda n\u00e3o existem vacinas aprovadas). Como n\u00e3o se sabe ainda a validade da prote\u00e7\u00e3o dessas vacinas, \u00e9 poss\u00edvel que seja necess\u00e1rio repetir a vacina\u00e7\u00e3o dentro de certo intervalo de tempo.&nbsp;<\/p>\n\n\n\n<p>At\u00e9 a \u00faltima sexta-feira (07\/05), o governo federal havia distribu\u00eddo aos Estados quase 75,6 milh\u00f5es de doses, das quais 46,8 milh\u00f5es j\u00e1 foram aplicadas. Com isso, cerca de 15% da popula\u00e7\u00e3o brasileira receberam ao menos uma dose, sendo que em torno da metade disso j\u00e1 tomou as duas.&nbsp;<\/p>\n\n\n\n<p>As doses distribu\u00eddas fazem parte de contratos j\u00e1 firmados de compra de 280 milh\u00f5es de vacinas, mas a car\u00eancia global de insumos tem atrasado o ritmo de entregas. Outras compras seguem em negocia\u00e7\u00e3o e o governo promete dobrar ainda este ano o total contratado.<\/p>\n\n\n\n<p><em>Fonte: Yahoo Not\u00edcias<\/em><\/p>\n","protected":false},"excerpt":{"rendered":"<p>Fonte de grande ansiedade na popula\u00e7\u00e3o, o lento avan\u00e7o da vacina\u00e7\u00e3o contra o coronav\u00edrus no pa\u00eds \u00e9 o foco principal desta semana na Comiss\u00e3o Parlamentar de Inqu\u00e9rito (CPI) da Covid.<\/p>\n","protected":false},"author":2,"featured_media":30722,"comment_status":"open","ping_status":"open","sticky":false,"template":"","format":"standard","meta":{"om_disable_all_campaigns":false,"_monsterinsights_skip_tracking":false,"_monsterinsights_sitenote_active":false,"_monsterinsights_sitenote_note":"","_monsterinsights_sitenote_category":0,"footnotes":""},"categories":[34,70,69,21,19],"tags":[93,721,4002,61,3570,371],"class_list":["post-35076","post","type-post","status-publish","format-standard","has-post-thumbnail","hentry","category-brasil","category-destaques","category-noticias2","category-politica","category-saude","tag-brasil","tag-cpi","tag-pfizer","tag-saude","tag-vacina","tag-vacinacao"],"aioseo_notices":[],"_links":{"self":[{"href":"https:\/\/www.portalalerta.com.br\/index.php\/wp-json\/wp\/v2\/posts\/35076","targetHints":{"allow":["GET"]}}],"collection":[{"href":"https:\/\/www.portalalerta.com.br\/index.php\/wp-json\/wp\/v2\/posts"}],"about":[{"href":"https:\/\/www.portalalerta.com.br\/index.php\/wp-json\/wp\/v2\/types\/post"}],"author":[{"embeddable":true,"href":"https:\/\/www.portalalerta.com.br\/index.php\/wp-json\/wp\/v2\/users\/2"}],"replies":[{"embeddable":true,"href":"https:\/\/www.portalalerta.com.br\/index.php\/wp-json\/wp\/v2\/comments?post=35076"}],"version-history":[{"count":1,"href":"https:\/\/www.portalalerta.com.br\/index.php\/wp-json\/wp\/v2\/posts\/35076\/revisions"}],"predecessor-version":[{"id":35082,"href":"https:\/\/www.portalalerta.com.br\/index.php\/wp-json\/wp\/v2\/posts\/35076\/revisions\/35082"}],"wp:featuredmedia":[{"embeddable":true,"href":"https:\/\/www.portalalerta.com.br\/index.php\/wp-json\/wp\/v2\/media\/30722"}],"wp:attachment":[{"href":"https:\/\/www.portalalerta.com.br\/index.php\/wp-json\/wp\/v2\/media?parent=35076"}],"wp:term":[{"taxonomy":"category","embeddable":true,"href":"https:\/\/www.portalalerta.com.br\/index.php\/wp-json\/wp\/v2\/categories?post=35076"},{"taxonomy":"post_tag","embeddable":true,"href":"https:\/\/www.portalalerta.com.br\/index.php\/wp-json\/wp\/v2\/tags?post=35076"}],"curies":[{"name":"wp","href":"https:\/\/api.w.org\/{rel}","templated":true}]}}